{"id":10000,"date":"2025-01-19T16:49:11","date_gmt":"2025-01-19T15:49:11","guid":{"rendered":"https:\/\/wgphoto.pl\/t\/?p=10000"},"modified":"2025-01-19T16:49:11","modified_gmt":"2025-01-19T15:49:11","slug":"lazarska","status":"publish","type":"post","link":"http:\/\/wgphoto.pl\/t\/?p=10000","title":{"rendered":"Lazarsk\u00e1"},"content":{"rendered":"\n<figure class=\"wp-block-image aligncenter size-full\"><img loading=\"lazy\" decoding=\"async\" width=\"1024\" height=\"683\" src=\"https:\/\/wgphoto.pl\/t\/wp-content\/uploads\/2025\/01\/IMGP1986-1.jpg\" alt=\"\" class=\"wp-image-10001\" srcset=\"http:\/\/wgphoto.pl\/t\/wp-content\/uploads\/2025\/01\/IMGP1986-1.jpg 1024w, http:\/\/wgphoto.pl\/t\/wp-content\/uploads\/2025\/01\/IMGP1986-1-300x200.jpg 300w, http:\/\/wgphoto.pl\/t\/wp-content\/uploads\/2025\/01\/IMGP1986-1-768x512.jpg 768w\" sizes=\"auto, (max-width: 1024px) 100vw, 1024px\" \/><\/figure>\n\n\n\n<div class=\"wp-block-group has-global-padding is-layout-constrained wp-block-group-is-layout-constrained\">\n<p>Praga, ul. Lazarsk\u00e1, od kt\u00f3rej swoj\u0105 nazw\u0119 bierze nocny w\u0119ze\u0142 przesiadkowy. Za kilka minut, o godzinie 4:30, wystartuj\u0105 ostatnie kursy &#8222;pi\u0119\u0107dziesi\u0105tek&#8221;. Przez ca\u0142\u0105 noc nad porz\u0105dkiem w tym miejscu czuwa stra\u017c miejska, kt\u00f3rej radiow\u00f3z widoczny jest w tle. 09.07.2011<\/p>\n<\/div>\n","protected":false},"excerpt":{"rendered":"<p>Praga, ul. Lazarsk\u00e1, od kt\u00f3rej swoj\u0105 nazw\u0119 bierze nocny w\u0119ze\u0142 przesiadkowy. Za kilka minut, o godzinie 4:30, wystartuj\u0105 ostatnie kursy &#8222;pi\u0119\u0107dziesi\u0105tek&#8221;. Przez ca\u0142\u0105 noc nad porz\u0105dkiem w tym miejscu czuwa stra\u017c miejska, kt\u00f3rej radiow\u00f3z widoczny jest w tle. 09.07.2011<\/p>\n","protected":false},"author":1,"featured_media":10001,"comment_status":"open","ping_status":"","sticky":false,"template":"","format":"standard","meta":{"footnotes":""},"categories":[77,3],"tags":[1048,91,49,1049,52,176,1011],"class_list":["post-10000","post","type-post","status-publish","format-standard","has-post-thumbnail","hentry","category-rok-2011","category-tramwaj","tag-2011-07-09","tag-blue-hour","tag-czechy","tag-dp-praha","tag-praga","tag-rano","tag-tatra-t3"],"_links":{"self":[{"href":"http:\/\/wgphoto.pl\/t\/index.php?rest_route=\/wp\/v2\/posts\/10000","targetHints":{"allow":["GET"]}}],"collection":[{"href":"http:\/\/wgphoto.pl\/t\/index.php?rest_route=\/wp\/v2\/posts"}],"about":[{"href":"http:\/\/wgphoto.pl\/t\/index.php?rest_route=\/wp\/v2\/types\/post"}],"author":[{"embeddable":true,"href":"http:\/\/wgphoto.pl\/t\/index.php?rest_route=\/wp\/v2\/users\/1"}],"replies":[{"embeddable":true,"href":"http:\/\/wgphoto.pl\/t\/index.php?rest_route=%2Fwp%2Fv2%2Fcomments&post=10000"}],"version-history":[{"count":1,"href":"http:\/\/wgphoto.pl\/t\/index.php?rest_route=\/wp\/v2\/posts\/10000\/revisions"}],"predecessor-version":[{"id":10002,"href":"http:\/\/wgphoto.pl\/t\/index.php?rest_route=\/wp\/v2\/posts\/10000\/revisions\/10002"}],"wp:featuredmedia":[{"embeddable":true,"href":"http:\/\/wgphoto.pl\/t\/index.php?rest_route=\/wp\/v2\/media\/10001"}],"wp:attachment":[{"href":"http:\/\/wgphoto.pl\/t\/index.php?rest_route=%2Fwp%2Fv2%2Fmedia&parent=10000"}],"wp:term":[{"taxonomy":"category","embeddable":true,"href":"http:\/\/wgphoto.pl\/t\/index.php?rest_route=%2Fwp%2Fv2%2Fcategories&post=10000"},{"taxonomy":"post_tag","embeddable":true,"href":"http:\/\/wgphoto.pl\/t\/index.php?rest_route=%2Fwp%2Fv2%2Ftags&post=10000"}],"curies":[{"name":"wp","href":"https:\/\/api.w.org\/{rel}","templated":true}]}}