{"id":10028,"date":"2025-01-19T16:59:47","date_gmt":"2025-01-19T15:59:47","guid":{"rendered":"https:\/\/wgphoto.pl\/t\/?p=10028"},"modified":"2025-01-19T16:59:47","modified_gmt":"2025-01-19T15:59:47","slug":"helmuci-sufit-po-szwedzku","status":"publish","type":"post","link":"http:\/\/wgphoto.pl\/t\/?p=10028","title":{"rendered":"Helmuci sufit po szwedzku"},"content":{"rendered":"\n<figure class=\"wp-block-image aligncenter size-full\"><img loading=\"lazy\" decoding=\"async\" width=\"1024\" height=\"685\" src=\"https:\/\/wgphoto.pl\/t\/wp-content\/uploads\/2025\/01\/IMGP5474.jpg\" alt=\"\" class=\"wp-image-10029\" srcset=\"http:\/\/wgphoto.pl\/t\/wp-content\/uploads\/2025\/01\/IMGP5474.jpg 1024w, http:\/\/wgphoto.pl\/t\/wp-content\/uploads\/2025\/01\/IMGP5474-300x201.jpg 300w, http:\/\/wgphoto.pl\/t\/wp-content\/uploads\/2025\/01\/IMGP5474-768x514.jpg 768w\" sizes=\"auto, (max-width: 1024px) 100vw, 1024px\" \/><\/figure>\n\n\n\n<div class=\"wp-block-group has-global-padding is-layout-constrained wp-block-group-is-layout-constrained\">\n<p>Kolekcj\u0119 wn\u0119trz pojazd\u00f3w pasa\u017cerskich zasila jeden z wagon\u00f3w GT8. Tym razem charakterystycznym elementem, kt\u00f3ry przyku\u0142 moj\u0105 uwag\u0119, jest poddane przebudowie o\u015bwietlenie g\u00f3rne. Drewniany pas biegn\u0105cy wzd\u0142u\u017c sufitu sprawia, \u017ce pomimo sporej ilo\u015bci \u017car\u00f3wek wn\u0119trze wydaje si\u0119 by\u0107 do\u015b\u0107 ciemnym. 06.12.2011<\/p>\n<\/div>\n","protected":false},"excerpt":{"rendered":"<p>Kolekcj\u0119 wn\u0119trz pojazd\u00f3w pasa\u017cerskich zasila jeden z wagon\u00f3w GT8. Tym razem charakterystycznym elementem, kt\u00f3ry przyku\u0142 moj\u0105 uwag\u0119, jest poddane przebudowie o\u015bwietlenie g\u00f3rne. Drewniany pas biegn\u0105cy wzd\u0142u\u017c sufitu sprawia, \u017ce pomimo sporej ilo\u015bci \u017car\u00f3wek wn\u0119trze wydaje si\u0119 by\u0107 do\u015b\u0107 ciemnym. 06.12.2011<\/p>\n","protected":false},"author":1,"featured_media":10029,"comment_status":"open","ping_status":"","sticky":false,"template":"","format":"standard","meta":{"footnotes":""},"categories":[220,77,3],"tags":[1786,238,1783,685,454],"class_list":["post-10028","post","type-post","status-publish","format-standard","has-post-thumbnail","hentry","category-blo","category-rok-2011","category-tramwaj","tag-2011-12-06","tag-gt8","tag-norrkoping","tag-szwecja","tag-wnetrza-pojazdow"],"_links":{"self":[{"href":"http:\/\/wgphoto.pl\/t\/index.php?rest_route=\/wp\/v2\/posts\/10028","targetHints":{"allow":["GET"]}}],"collection":[{"href":"http:\/\/wgphoto.pl\/t\/index.php?rest_route=\/wp\/v2\/posts"}],"about":[{"href":"http:\/\/wgphoto.pl\/t\/index.php?rest_route=\/wp\/v2\/types\/post"}],"author":[{"embeddable":true,"href":"http:\/\/wgphoto.pl\/t\/index.php?rest_route=\/wp\/v2\/users\/1"}],"replies":[{"embeddable":true,"href":"http:\/\/wgphoto.pl\/t\/index.php?rest_route=%2Fwp%2Fv2%2Fcomments&post=10028"}],"version-history":[{"count":1,"href":"http:\/\/wgphoto.pl\/t\/index.php?rest_route=\/wp\/v2\/posts\/10028\/revisions"}],"predecessor-version":[{"id":10030,"href":"http:\/\/wgphoto.pl\/t\/index.php?rest_route=\/wp\/v2\/posts\/10028\/revisions\/10030"}],"wp:featuredmedia":[{"embeddable":true,"href":"http:\/\/wgphoto.pl\/t\/index.php?rest_route=\/wp\/v2\/media\/10029"}],"wp:attachment":[{"href":"http:\/\/wgphoto.pl\/t\/index.php?rest_route=%2Fwp%2Fv2%2Fmedia&parent=10028"}],"wp:term":[{"taxonomy":"category","embeddable":true,"href":"http:\/\/wgphoto.pl\/t\/index.php?rest_route=%2Fwp%2Fv2%2Fcategories&post=10028"},{"taxonomy":"post_tag","embeddable":true,"href":"http:\/\/wgphoto.pl\/t\/index.php?rest_route=%2Fwp%2Fv2%2Ftags&post=10028"}],"curies":[{"name":"wp","href":"https:\/\/api.w.org\/{rel}","templated":true}]}}