{"id":10041,"date":"2025-01-19T17:03:57","date_gmt":"2025-01-19T16:03:57","guid":{"rendered":"https:\/\/wgphoto.pl\/t\/?p=10041"},"modified":"2025-01-19T22:22:01","modified_gmt":"2025-01-19T21:22:01","slug":"wesolych-swiat","status":"publish","type":"post","link":"http:\/\/wgphoto.pl\/t\/?p=10041","title":{"rendered":"Weso\u0142ych \u015awi\u0105t!"},"content":{"rendered":"\n<figure class=\"wp-block-image aligncenter size-full\"><img loading=\"lazy\" decoding=\"async\" width=\"1400\" height=\"937\" src=\"https:\/\/wgphoto.pl\/t\/wp-content\/uploads\/2025\/01\/IMGP5625-1.jpg\" alt=\"\" class=\"wp-image-10074\" srcset=\"http:\/\/wgphoto.pl\/t\/wp-content\/uploads\/2025\/01\/IMGP5625-1.jpg 1400w, http:\/\/wgphoto.pl\/t\/wp-content\/uploads\/2025\/01\/IMGP5625-1-300x201.jpg 300w, http:\/\/wgphoto.pl\/t\/wp-content\/uploads\/2025\/01\/IMGP5625-1-768x514.jpg 768w\" sizes=\"auto, (max-width: 1400px) 100vw, 1400px\" \/><\/figure>\n\n\n\n<div class=\"wp-block-group has-global-padding is-layout-constrained wp-block-group-is-layout-constrained\">\n<p>Norrk\u00f6ping, Drottninggatan. Bombardier powoli pokonuje splot na \u015br\u00f3dmiejskim deptaku, gdzie zamiast dw\u00f3ch tor\u00f3w postanowiono zostawi\u0107 wi\u0119cej miejsca pieszym. 2011-12-06<\/p>\n<\/div>\n","protected":false},"excerpt":{"rendered":"<p>Norrk\u00f6ping, Drottninggatan. Bombardier powoli pokonuje splot na \u015br\u00f3dmiejskim deptaku, gdzie zamiast dw\u00f3ch tor\u00f3w postanowiono zostawi\u0107 wi\u0119cej miejsca pieszym. 2011-12-06<\/p>\n","protected":false},"author":1,"featured_media":10074,"comment_status":"open","ping_status":"","sticky":false,"template":"","format":"standard","meta":{"footnotes":""},"categories":[77,3],"tags":[1786,1126,239,173,154,1783,1333,1491,223,685],"class_list":["post-10041","post","type-post","status-publish","format-standard","has-post-thumbnail","hentry","category-rok-2011","category-tramwaj","tag-2011-12-06","tag-bombardier-flexity-classic","tag-deptak","tag-koncowki","tag-noc","tag-norrkoping","tag-splot","tag-swiateczne-akcenty","tag-symetria","tag-szwecja"],"_links":{"self":[{"href":"http:\/\/wgphoto.pl\/t\/index.php?rest_route=\/wp\/v2\/posts\/10041","targetHints":{"allow":["GET"]}}],"collection":[{"href":"http:\/\/wgphoto.pl\/t\/index.php?rest_route=\/wp\/v2\/posts"}],"about":[{"href":"http:\/\/wgphoto.pl\/t\/index.php?rest_route=\/wp\/v2\/types\/post"}],"author":[{"embeddable":true,"href":"http:\/\/wgphoto.pl\/t\/index.php?rest_route=\/wp\/v2\/users\/1"}],"replies":[{"embeddable":true,"href":"http:\/\/wgphoto.pl\/t\/index.php?rest_route=%2Fwp%2Fv2%2Fcomments&post=10041"}],"version-history":[{"count":2,"href":"http:\/\/wgphoto.pl\/t\/index.php?rest_route=\/wp\/v2\/posts\/10041\/revisions"}],"predecessor-version":[{"id":10075,"href":"http:\/\/wgphoto.pl\/t\/index.php?rest_route=\/wp\/v2\/posts\/10041\/revisions\/10075"}],"wp:featuredmedia":[{"embeddable":true,"href":"http:\/\/wgphoto.pl\/t\/index.php?rest_route=\/wp\/v2\/media\/10074"}],"wp:attachment":[{"href":"http:\/\/wgphoto.pl\/t\/index.php?rest_route=%2Fwp%2Fv2%2Fmedia&parent=10041"}],"wp:term":[{"taxonomy":"category","embeddable":true,"href":"http:\/\/wgphoto.pl\/t\/index.php?rest_route=%2Fwp%2Fv2%2Fcategories&post=10041"},{"taxonomy":"post_tag","embeddable":true,"href":"http:\/\/wgphoto.pl\/t\/index.php?rest_route=%2Fwp%2Fv2%2Ftags&post=10041"}],"curies":[{"name":"wp","href":"https:\/\/api.w.org\/{rel}","templated":true}]}}