{"id":10047,"date":"2025-01-19T17:08:00","date_gmt":"2025-01-19T16:08:00","guid":{"rendered":"https:\/\/wgphoto.pl\/t\/?p=10047"},"modified":"2025-01-19T17:08:00","modified_gmt":"2025-01-19T16:08:00","slug":"tramwaj-w-ramce-2","status":"publish","type":"post","link":"http:\/\/wgphoto.pl\/t\/?p=10047","title":{"rendered":"Tramwaj w ramce"},"content":{"rendered":"\n<figure class=\"wp-block-image aligncenter size-full\"><img loading=\"lazy\" decoding=\"async\" width=\"1024\" height=\"678\" src=\"https:\/\/wgphoto.pl\/t\/wp-content\/uploads\/2025\/01\/IMGP0933.jpg\" alt=\"\" class=\"wp-image-10048\" srcset=\"http:\/\/wgphoto.pl\/t\/wp-content\/uploads\/2025\/01\/IMGP0933.jpg 1024w, http:\/\/wgphoto.pl\/t\/wp-content\/uploads\/2025\/01\/IMGP0933-300x199.jpg 300w, http:\/\/wgphoto.pl\/t\/wp-content\/uploads\/2025\/01\/IMGP0933-768x509.jpg 768w\" sizes=\"auto, (max-width: 1024px) 100vw, 1024px\" \/><\/figure>\n\n\n\n<div class=\"wp-block-group has-global-padding is-layout-constrained wp-block-group-is-layout-constrained\">\n<p>Jeden z odcink\u00f3w sieci Trambes\u00f2s poprowadzono w przykrytym betonowym &#8222;tunelu&#8221;, wzd\u0142u\u017c ruchliwej drogi wylotowej z Barcelony (po lewej) i pod drog\u0105 przeznaczon\u0105 do ruchu lokalnego (nad torowiskiem). 03.12.2012<\/p>\n<\/div>\n","protected":false},"excerpt":{"rendered":"<p>Jeden z odcink\u00f3w sieci Trambes\u00f2s poprowadzono w przykrytym betonowym &#8222;tunelu&#8221;, wzd\u0142u\u017c ruchliwej drogi wylotowej z Barcelony (po lewej) i pod drog\u0105 przeznaczon\u0105 do ruchu lokalnego (nad torowiskiem). 03.12.2012<\/p>\n","protected":false},"author":1,"featured_media":10048,"comment_status":"open","ping_status":"","sticky":false,"template":"","format":"standard","meta":{"footnotes":""},"categories":[46,3],"tags":[1085,170,1086,159,173,15],"class_list":["post-10047","post","type-post","status-publish","format-standard","has-post-thumbnail","hentry","category-rok-2012","category-tramwaj","tag-2012-12-03","tag-alstom-citadis302","tag-barcelona","tag-hiszpania","tag-koncowki","tag-tunel"],"_links":{"self":[{"href":"http:\/\/wgphoto.pl\/t\/index.php?rest_route=\/wp\/v2\/posts\/10047","targetHints":{"allow":["GET"]}}],"collection":[{"href":"http:\/\/wgphoto.pl\/t\/index.php?rest_route=\/wp\/v2\/posts"}],"about":[{"href":"http:\/\/wgphoto.pl\/t\/index.php?rest_route=\/wp\/v2\/types\/post"}],"author":[{"embeddable":true,"href":"http:\/\/wgphoto.pl\/t\/index.php?rest_route=\/wp\/v2\/users\/1"}],"replies":[{"embeddable":true,"href":"http:\/\/wgphoto.pl\/t\/index.php?rest_route=%2Fwp%2Fv2%2Fcomments&post=10047"}],"version-history":[{"count":1,"href":"http:\/\/wgphoto.pl\/t\/index.php?rest_route=\/wp\/v2\/posts\/10047\/revisions"}],"predecessor-version":[{"id":10049,"href":"http:\/\/wgphoto.pl\/t\/index.php?rest_route=\/wp\/v2\/posts\/10047\/revisions\/10049"}],"wp:featuredmedia":[{"embeddable":true,"href":"http:\/\/wgphoto.pl\/t\/index.php?rest_route=\/wp\/v2\/media\/10048"}],"wp:attachment":[{"href":"http:\/\/wgphoto.pl\/t\/index.php?rest_route=%2Fwp%2Fv2%2Fmedia&parent=10047"}],"wp:term":[{"taxonomy":"category","embeddable":true,"href":"http:\/\/wgphoto.pl\/t\/index.php?rest_route=%2Fwp%2Fv2%2Fcategories&post=10047"},{"taxonomy":"post_tag","embeddable":true,"href":"http:\/\/wgphoto.pl\/t\/index.php?rest_route=%2Fwp%2Fv2%2Ftags&post=10047"}],"curies":[{"name":"wp","href":"https:\/\/api.w.org\/{rel}","templated":true}]}}