{"id":10056,"date":"2025-01-19T17:11:00","date_gmt":"2025-01-19T16:11:00","guid":{"rendered":"https:\/\/wgphoto.pl\/t\/?p=10056"},"modified":"2025-01-19T17:11:00","modified_gmt":"2025-01-19T16:11:00","slug":"murcia-del-carmen","status":"publish","type":"post","link":"http:\/\/wgphoto.pl\/t\/?p=10056","title":{"rendered":"Murcia del Carmen"},"content":{"rendered":"\n<figure class=\"wp-block-image aligncenter size-full\"><img loading=\"lazy\" decoding=\"async\" width=\"1024\" height=\"683\" src=\"https:\/\/wgphoto.pl\/t\/wp-content\/uploads\/2025\/01\/IMGP1254.jpg\" alt=\"\" class=\"wp-image-10057\" srcset=\"http:\/\/wgphoto.pl\/t\/wp-content\/uploads\/2025\/01\/IMGP1254.jpg 1024w, http:\/\/wgphoto.pl\/t\/wp-content\/uploads\/2025\/01\/IMGP1254-300x200.jpg 300w, http:\/\/wgphoto.pl\/t\/wp-content\/uploads\/2025\/01\/IMGP1254-768x512.jpg 768w\" sizes=\"auto, (max-width: 1024px) 100vw, 1024px\" \/><\/figure>\n\n\n\n<div class=\"wp-block-group has-global-padding is-layout-constrained wp-block-group-is-layout-constrained\">\n<p>Na stacji Murcia del Carmen, pe\u0142ni\u0105cej rol\u0119 dworca g\u0142\u00f3wnego w Murcji, na godzin\u0119 odjazdu w nieznanym mi kierunku oczekuje jednostka spalinowa 592.022, na tor przy pierwszym peronie podstawia si\u0119 talgo do Madrytu, a scenie tej przygl\u0105da si\u0119 dy\u017curny ruchu. 05.12.2012<\/p>\n<\/div>\n","protected":false},"excerpt":{"rendered":"<p>Na stacji Murcia del Carmen, pe\u0142ni\u0105cej rol\u0119 dworca g\u0142\u00f3wnego w Murcji, na godzin\u0119 odjazdu w nieznanym mi kierunku oczekuje jednostka spalinowa 592.022, na tor przy pierwszym peronie podstawia si\u0119 talgo do Madrytu, a scenie tej przygl\u0105da si\u0119 dy\u017curny ruchu. 05.12.2012<\/p>\n","protected":false},"author":1,"featured_media":10057,"comment_status":"open","ping_status":"","sticky":false,"template":"","format":"standard","meta":{"footnotes":""},"categories":[2,46],"tags":[1835,313,159,2033,2977],"class_list":["post-10056","post","type-post","status-publish","format-standard","has-post-thumbnail","hentry","category-kolej","category-rok-2012","tag-2012-12-05","tag-dyzurny","tag-hiszpania","tag-murcja","tag-renfe"],"_links":{"self":[{"href":"http:\/\/wgphoto.pl\/t\/index.php?rest_route=\/wp\/v2\/posts\/10056","targetHints":{"allow":["GET"]}}],"collection":[{"href":"http:\/\/wgphoto.pl\/t\/index.php?rest_route=\/wp\/v2\/posts"}],"about":[{"href":"http:\/\/wgphoto.pl\/t\/index.php?rest_route=\/wp\/v2\/types\/post"}],"author":[{"embeddable":true,"href":"http:\/\/wgphoto.pl\/t\/index.php?rest_route=\/wp\/v2\/users\/1"}],"replies":[{"embeddable":true,"href":"http:\/\/wgphoto.pl\/t\/index.php?rest_route=%2Fwp%2Fv2%2Fcomments&post=10056"}],"version-history":[{"count":1,"href":"http:\/\/wgphoto.pl\/t\/index.php?rest_route=\/wp\/v2\/posts\/10056\/revisions"}],"predecessor-version":[{"id":10058,"href":"http:\/\/wgphoto.pl\/t\/index.php?rest_route=\/wp\/v2\/posts\/10056\/revisions\/10058"}],"wp:featuredmedia":[{"embeddable":true,"href":"http:\/\/wgphoto.pl\/t\/index.php?rest_route=\/wp\/v2\/media\/10057"}],"wp:attachment":[{"href":"http:\/\/wgphoto.pl\/t\/index.php?rest_route=%2Fwp%2Fv2%2Fmedia&parent=10056"}],"wp:term":[{"taxonomy":"category","embeddable":true,"href":"http:\/\/wgphoto.pl\/t\/index.php?rest_route=%2Fwp%2Fv2%2Fcategories&post=10056"},{"taxonomy":"post_tag","embeddable":true,"href":"http:\/\/wgphoto.pl\/t\/index.php?rest_route=%2Fwp%2Fv2%2Ftags&post=10056"}],"curies":[{"name":"wp","href":"https:\/\/api.w.org\/{rel}","templated":true}]}}