{"id":10062,"date":"2025-01-19T17:20:23","date_gmt":"2025-01-19T16:20:23","guid":{"rendered":"https:\/\/wgphoto.pl\/t\/?p=10062"},"modified":"2025-01-19T17:20:23","modified_gmt":"2025-01-19T16:20:23","slug":"barcelona-sants","status":"publish","type":"post","link":"http:\/\/wgphoto.pl\/t\/?p=10062","title":{"rendered":"Barcelona-Sants"},"content":{"rendered":"\n<figure class=\"wp-block-image aligncenter size-full\"><img loading=\"lazy\" decoding=\"async\" width=\"1024\" height=\"683\" src=\"https:\/\/wgphoto.pl\/t\/wp-content\/uploads\/2025\/01\/IMGP0976.jpg\" alt=\"\" class=\"wp-image-10063\" srcset=\"http:\/\/wgphoto.pl\/t\/wp-content\/uploads\/2025\/01\/IMGP0976.jpg 1024w, http:\/\/wgphoto.pl\/t\/wp-content\/uploads\/2025\/01\/IMGP0976-300x200.jpg 300w, http:\/\/wgphoto.pl\/t\/wp-content\/uploads\/2025\/01\/IMGP0976-768x512.jpg 768w\" sizes=\"auto, (max-width: 1024px) 100vw, 1024px\" \/><\/figure>\n\n\n\n<div class=\"wp-block-group has-global-padding is-layout-constrained wp-block-group-is-layout-constrained\">\n<p>Barcelona-Sants, czyli taka Warszawa Centralna dla stolicy Katalonii. Pani maszynistka w\u0142a\u015bnie obj\u0119\u0142a zmian\u0119 w podmiejskim EZT i zamienia par\u0119 s\u0142\u00f3w ze swoim zmiennikiem. 03.12.2012<\/p>\n<\/div>\n","protected":false},"excerpt":{"rendered":"<p>Barcelona-Sants, czyli taka Warszawa Centralna dla stolicy Katalonii. Pani maszynistka w\u0142a\u015bnie obj\u0119\u0142a zmian\u0119 w podmiejskim EZT i zamienia par\u0119 s\u0142\u00f3w ze swoim zmiennikiem. 03.12.2012<\/p>\n","protected":false},"author":1,"featured_media":10063,"comment_status":"open","ping_status":"","sticky":false,"template":"","format":"standard","meta":{"footnotes":""},"categories":[2,46],"tags":[1085,1086,159,2977,15],"class_list":["post-10062","post","type-post","status-publish","format-standard","has-post-thumbnail","hentry","category-kolej","category-rok-2012","tag-2012-12-03","tag-barcelona","tag-hiszpania","tag-renfe","tag-tunel"],"_links":{"self":[{"href":"http:\/\/wgphoto.pl\/t\/index.php?rest_route=\/wp\/v2\/posts\/10062","targetHints":{"allow":["GET"]}}],"collection":[{"href":"http:\/\/wgphoto.pl\/t\/index.php?rest_route=\/wp\/v2\/posts"}],"about":[{"href":"http:\/\/wgphoto.pl\/t\/index.php?rest_route=\/wp\/v2\/types\/post"}],"author":[{"embeddable":true,"href":"http:\/\/wgphoto.pl\/t\/index.php?rest_route=\/wp\/v2\/users\/1"}],"replies":[{"embeddable":true,"href":"http:\/\/wgphoto.pl\/t\/index.php?rest_route=%2Fwp%2Fv2%2Fcomments&post=10062"}],"version-history":[{"count":1,"href":"http:\/\/wgphoto.pl\/t\/index.php?rest_route=\/wp\/v2\/posts\/10062\/revisions"}],"predecessor-version":[{"id":10064,"href":"http:\/\/wgphoto.pl\/t\/index.php?rest_route=\/wp\/v2\/posts\/10062\/revisions\/10064"}],"wp:featuredmedia":[{"embeddable":true,"href":"http:\/\/wgphoto.pl\/t\/index.php?rest_route=\/wp\/v2\/media\/10063"}],"wp:attachment":[{"href":"http:\/\/wgphoto.pl\/t\/index.php?rest_route=%2Fwp%2Fv2%2Fmedia&parent=10062"}],"wp:term":[{"taxonomy":"category","embeddable":true,"href":"http:\/\/wgphoto.pl\/t\/index.php?rest_route=%2Fwp%2Fv2%2Fcategories&post=10062"},{"taxonomy":"post_tag","embeddable":true,"href":"http:\/\/wgphoto.pl\/t\/index.php?rest_route=%2Fwp%2Fv2%2Ftags&post=10062"}],"curies":[{"name":"wp","href":"https:\/\/api.w.org\/{rel}","templated":true}]}}