{"id":10134,"date":"2025-01-19T22:58:09","date_gmt":"2025-01-19T21:58:09","guid":{"rendered":"https:\/\/wgphoto.pl\/t\/?p=10134"},"modified":"2025-01-19T22:58:09","modified_gmt":"2025-01-19T21:58:09","slug":"pocztowka-z-lizbony-2","status":"publish","type":"post","link":"http:\/\/wgphoto.pl\/t\/?p=10134","title":{"rendered":"Poczt\u00f3wka z Lizbony"},"content":{"rendered":"\n<figure class=\"wp-block-image aligncenter size-full\"><img loading=\"lazy\" decoding=\"async\" width=\"1200\" height=\"800\" src=\"https:\/\/wgphoto.pl\/t\/wp-content\/uploads\/2025\/01\/IMGP7273.jpg\" alt=\"\" class=\"wp-image-10135\" srcset=\"http:\/\/wgphoto.pl\/t\/wp-content\/uploads\/2025\/01\/IMGP7273.jpg 1200w, http:\/\/wgphoto.pl\/t\/wp-content\/uploads\/2025\/01\/IMGP7273-300x200.jpg 300w, http:\/\/wgphoto.pl\/t\/wp-content\/uploads\/2025\/01\/IMGP7273-768x512.jpg 768w\" sizes=\"auto, (max-width: 1200px) 100vw, 1200px\" \/><\/figure>\n\n\n\n<div class=\"wp-block-group has-global-padding is-layout-constrained wp-block-group-is-layout-constrained\">\n<p>Na Rua de S\u00e3o Domingos mijaj\u0105 si\u0119 dwa dwuosiowe, zmodernizowane wagony z lat 30-tych ubieg\u0142ego wieku. S\u0105 to obecnie pojazdy jednokierunkowe, lecz takie elementy jak drzwi po lewej stronie, \u015bwietlik na oznaczenia linii i kierunku, czy jednakowa budowa przedniego i tylnego pomostu \u015bwiadcz\u0105, \u017ce niegdy\u015b pojazdy te eksploatowano jako dwukierunkowe. 2010-09-06<\/p>\n<\/div>\n","protected":false},"excerpt":{"rendered":"<p>Na Rua de S\u00e3o Domingos mijaj\u0105 si\u0119 dwa dwuosiowe, zmodernizowane wagony z lat 30-tych ubieg\u0142ego wieku. S\u0105 to obecnie pojazdy jednokierunkowe, lecz takie elementy jak drzwi po lewej stronie, \u015bwietlik na oznaczenia linii i kierunku, czy jednakowa budowa przedniego i tylnego pomostu \u015bwiadcz\u0105, \u017ce niegdy\u015b pojazdy te eksploatowano jako dwukierunkowe. 2010-09-06<\/p>\n","protected":false},"author":1,"featured_media":10135,"comment_status":"open","ping_status":"","sticky":false,"template":"","format":"standard","meta":{"footnotes":""},"categories":[86,3],"tags":[300,299,298,389,297,588],"class_list":["post-10134","post","type-post","status-publish","format-standard","has-post-thumbnail","hentry","category-rok-2010","category-tramwaj","tag-2010-09-06","tag-carris-lisboa","tag-lizbona","tag-mijanka","tag-portugalia","tag-remodelado"],"_links":{"self":[{"href":"http:\/\/wgphoto.pl\/t\/index.php?rest_route=\/wp\/v2\/posts\/10134","targetHints":{"allow":["GET"]}}],"collection":[{"href":"http:\/\/wgphoto.pl\/t\/index.php?rest_route=\/wp\/v2\/posts"}],"about":[{"href":"http:\/\/wgphoto.pl\/t\/index.php?rest_route=\/wp\/v2\/types\/post"}],"author":[{"embeddable":true,"href":"http:\/\/wgphoto.pl\/t\/index.php?rest_route=\/wp\/v2\/users\/1"}],"replies":[{"embeddable":true,"href":"http:\/\/wgphoto.pl\/t\/index.php?rest_route=%2Fwp%2Fv2%2Fcomments&post=10134"}],"version-history":[{"count":1,"href":"http:\/\/wgphoto.pl\/t\/index.php?rest_route=\/wp\/v2\/posts\/10134\/revisions"}],"predecessor-version":[{"id":10136,"href":"http:\/\/wgphoto.pl\/t\/index.php?rest_route=\/wp\/v2\/posts\/10134\/revisions\/10136"}],"wp:featuredmedia":[{"embeddable":true,"href":"http:\/\/wgphoto.pl\/t\/index.php?rest_route=\/wp\/v2\/media\/10135"}],"wp:attachment":[{"href":"http:\/\/wgphoto.pl\/t\/index.php?rest_route=%2Fwp%2Fv2%2Fmedia&parent=10134"}],"wp:term":[{"taxonomy":"category","embeddable":true,"href":"http:\/\/wgphoto.pl\/t\/index.php?rest_route=%2Fwp%2Fv2%2Fcategories&post=10134"},{"taxonomy":"post_tag","embeddable":true,"href":"http:\/\/wgphoto.pl\/t\/index.php?rest_route=%2Fwp%2Fv2%2Ftags&post=10134"}],"curies":[{"name":"wp","href":"https:\/\/api.w.org\/{rel}","templated":true}]}}