{"id":1015,"date":"2024-10-01T20:02:09","date_gmt":"2024-10-01T18:02:09","guid":{"rendered":"https:\/\/wgphoto.pl\/t\/?p=1015"},"modified":"2024-10-01T20:02:09","modified_gmt":"2024-10-01T18:02:09","slug":"ws1","status":"publish","type":"post","link":"http:\/\/wgphoto.pl\/t\/?p=1015","title":{"rendered":"WS1"},"content":{"rendered":"\n<figure class=\"wp-block-image aligncenter size-full\"><img loading=\"lazy\" decoding=\"async\" width=\"1200\" height=\"800\" src=\"https:\/\/wgphoto.pl\/t\/wp-content\/uploads\/2024\/10\/0623-13.jpg\" alt=\"\" class=\"wp-image-1016\" srcset=\"http:\/\/wgphoto.pl\/t\/wp-content\/uploads\/2024\/10\/0623-13.jpg 1200w, http:\/\/wgphoto.pl\/t\/wp-content\/uploads\/2024\/10\/0623-13-300x200.jpg 300w, http:\/\/wgphoto.pl\/t\/wp-content\/uploads\/2024\/10\/0623-13-768x512.jpg 768w\" sizes=\"auto, (max-width: 1200px) 100vw, 1200px\" \/><\/figure>\n\n\n\n<div class=\"wp-block-group has-global-padding is-layout-constrained wp-block-group-is-layout-constrained\">\n<p>SU42-511 z poci\u0105giem osobowym 7030 z Zag\u00f3rza do Jas\u0142a opuszcza Wr\u00f3blik Szlachecki. W kadrze znalaz\u0142a si\u0119 nastawnia wykonawcza wraz z &#8222;bogat\u0105&#8221; infrastruktur\u0105: elektrycznymi zaporami i zwrotnic\u0105 z kluczowymi USRK. 12.09.2006<\/p>\n<\/div>\n","protected":false},"excerpt":{"rendered":"<p>SU42-511 z poci\u0105giem osobowym 7030 z Zag\u00f3rza do Jas\u0142a opuszcza Wr\u00f3blik Szlachecki. W kadrze znalaz\u0142a si\u0119 nastawnia wykonawcza wraz z &#8222;bogat\u0105&#8221; infrastruktur\u0105: elektrycznymi zaporami i zwrotnic\u0105 z kluczowymi USRK. 12.09.2006<\/p>\n","protected":false},"author":1,"featured_media":1016,"comment_status":"open","ping_status":"","sticky":false,"template":"","format":"standard","meta":{"footnotes":""},"categories":[62,2,130],"tags":[472,230,63,27,250,53,471,470],"class_list":["post-1015","post","type-post","status-publish","format-standard","has-post-thumbnail","hentry","category-analog","category-kolej","category-rok-2006","tag-2006-09-12","tag-infrastruktura","tag-pkp","tag-polska","tag-su42","tag-sygnalizacja-ksztaltowa","tag-tab-pl131","tag-wroblik-szlachecki"],"_links":{"self":[{"href":"http:\/\/wgphoto.pl\/t\/index.php?rest_route=\/wp\/v2\/posts\/1015","targetHints":{"allow":["GET"]}}],"collection":[{"href":"http:\/\/wgphoto.pl\/t\/index.php?rest_route=\/wp\/v2\/posts"}],"about":[{"href":"http:\/\/wgphoto.pl\/t\/index.php?rest_route=\/wp\/v2\/types\/post"}],"author":[{"embeddable":true,"href":"http:\/\/wgphoto.pl\/t\/index.php?rest_route=\/wp\/v2\/users\/1"}],"replies":[{"embeddable":true,"href":"http:\/\/wgphoto.pl\/t\/index.php?rest_route=%2Fwp%2Fv2%2Fcomments&post=1015"}],"version-history":[{"count":1,"href":"http:\/\/wgphoto.pl\/t\/index.php?rest_route=\/wp\/v2\/posts\/1015\/revisions"}],"predecessor-version":[{"id":1017,"href":"http:\/\/wgphoto.pl\/t\/index.php?rest_route=\/wp\/v2\/posts\/1015\/revisions\/1017"}],"wp:featuredmedia":[{"embeddable":true,"href":"http:\/\/wgphoto.pl\/t\/index.php?rest_route=\/wp\/v2\/media\/1016"}],"wp:attachment":[{"href":"http:\/\/wgphoto.pl\/t\/index.php?rest_route=%2Fwp%2Fv2%2Fmedia&parent=1015"}],"wp:term":[{"taxonomy":"category","embeddable":true,"href":"http:\/\/wgphoto.pl\/t\/index.php?rest_route=%2Fwp%2Fv2%2Fcategories&post=1015"},{"taxonomy":"post_tag","embeddable":true,"href":"http:\/\/wgphoto.pl\/t\/index.php?rest_route=%2Fwp%2Fv2%2Ftags&post=1015"}],"curies":[{"name":"wp","href":"https:\/\/api.w.org\/{rel}","templated":true}]}}