{"id":10150,"date":"2025-01-20T15:41:52","date_gmt":"2025-01-20T14:41:52","guid":{"rendered":"https:\/\/wgphoto.pl\/t\/?p=10150"},"modified":"2025-01-20T15:41:52","modified_gmt":"2025-01-20T14:41:52","slug":"nostaljik-tramvay","status":"publish","type":"post","link":"http:\/\/wgphoto.pl\/t\/?p=10150","title":{"rendered":"Nostaljik tramvay"},"content":{"rendered":"\n<figure class=\"wp-block-image aligncenter size-full\"><img loading=\"lazy\" decoding=\"async\" width=\"1200\" height=\"795\" src=\"https:\/\/wgphoto.pl\/t\/wp-content\/uploads\/2025\/01\/IMGP7792-1.jpg\" alt=\"\" class=\"wp-image-10151\" srcset=\"http:\/\/wgphoto.pl\/t\/wp-content\/uploads\/2025\/01\/IMGP7792-1.jpg 1200w, http:\/\/wgphoto.pl\/t\/wp-content\/uploads\/2025\/01\/IMGP7792-1-300x199.jpg 300w, http:\/\/wgphoto.pl\/t\/wp-content\/uploads\/2025\/01\/IMGP7792-1-768x509.jpg 768w\" sizes=\"auto, (max-width: 1200px) 100vw, 1200px\" \/><\/figure>\n\n\n\n<div class=\"wp-block-group has-global-padding is-layout-constrained wp-block-group-is-layout-constrained\">\n<p>Od 2011 roku w Bursie funkcjonuje nied\u0142uga linia &#8222;tramwaju nostalgicznego&#8221;. Po\u0142owa trasy wiedzie prezentowanym wy\u017cej deptakiem w \u015bcis\u0142ym centrum miasta, z rana jeszcze dosy\u0107 pustym. Na zdj\u0119ciu: nieszczeg\u00f3lnie nostalgiczny, aczkolwiek \u0142adnie pomalowany tramwaj sprowadzony z Bochum zbli\u017ca si\u0119 do jednej z trzech mijanek i jednej z dw\u00f3ch nieu\u017cywanych, przy 20-minutowej cz\u0119stotliwo\u015bci i dw\u00f3ch pojazdach na trasie wystarcza bowiem jedna mijanka. Nie jestem jednak pewien czy w dni robocze linia T3 nie kursuje cz\u0119\u015bciej (by\u0142em tam w niedziel\u0119), zwa\u017cywszy na to \u017ce tutejszy przewo\u017anik wed\u0142ug dost\u0119pnych ilostan\u00f3w posiada znaczn\u0105 nadwy\u017ck\u0119 taboru. 09.10.2016<\/p>\n<\/div>\n","protected":false},"excerpt":{"rendered":"<p>Od 2011 roku w Bursie funkcjonuje nied\u0142uga linia &#8222;tramwaju nostalgicznego&#8221;. Po\u0142owa trasy wiedzie prezentowanym wy\u017cej deptakiem w \u015bcis\u0142ym centrum miasta, z rana jeszcze dosy\u0107 pustym. Na zdj\u0119ciu: nieszczeg\u00f3lnie nostalgiczny, aczkolwiek \u0142adnie pomalowany tramwaj sprowadzony z Bochum zbli\u017ca si\u0119 do jednej z trzech mijanek i jednej z dw\u00f3ch nieu\u017cywanych, przy 20-minutowej cz\u0119stotliwo\u015bci i dw\u00f3ch pojazdach na [&hellip;]<\/p>\n","protected":false},"author":1,"featured_media":10151,"comment_status":"open","ping_status":"","sticky":false,"template":"","format":"standard","meta":{"footnotes":""},"categories":[125,3],"tags":[987,986,239,985,927,931],"class_list":["post-10150","post","type-post","status-publish","format-standard","has-post-thumbnail","hentry","category-rok-2016","category-tramwaj","tag-2016-10-09","tag-bursa","tag-deptak","tag-duewag-nx-mx","tag-turcja","tag-turcja-2016"],"_links":{"self":[{"href":"http:\/\/wgphoto.pl\/t\/index.php?rest_route=\/wp\/v2\/posts\/10150","targetHints":{"allow":["GET"]}}],"collection":[{"href":"http:\/\/wgphoto.pl\/t\/index.php?rest_route=\/wp\/v2\/posts"}],"about":[{"href":"http:\/\/wgphoto.pl\/t\/index.php?rest_route=\/wp\/v2\/types\/post"}],"author":[{"embeddable":true,"href":"http:\/\/wgphoto.pl\/t\/index.php?rest_route=\/wp\/v2\/users\/1"}],"replies":[{"embeddable":true,"href":"http:\/\/wgphoto.pl\/t\/index.php?rest_route=%2Fwp%2Fv2%2Fcomments&post=10150"}],"version-history":[{"count":1,"href":"http:\/\/wgphoto.pl\/t\/index.php?rest_route=\/wp\/v2\/posts\/10150\/revisions"}],"predecessor-version":[{"id":10152,"href":"http:\/\/wgphoto.pl\/t\/index.php?rest_route=\/wp\/v2\/posts\/10150\/revisions\/10152"}],"wp:featuredmedia":[{"embeddable":true,"href":"http:\/\/wgphoto.pl\/t\/index.php?rest_route=\/wp\/v2\/media\/10151"}],"wp:attachment":[{"href":"http:\/\/wgphoto.pl\/t\/index.php?rest_route=%2Fwp%2Fv2%2Fmedia&parent=10150"}],"wp:term":[{"taxonomy":"category","embeddable":true,"href":"http:\/\/wgphoto.pl\/t\/index.php?rest_route=%2Fwp%2Fv2%2Fcategories&post=10150"},{"taxonomy":"post_tag","embeddable":true,"href":"http:\/\/wgphoto.pl\/t\/index.php?rest_route=%2Fwp%2Fv2%2Ftags&post=10150"}],"curies":[{"name":"wp","href":"https:\/\/api.w.org\/{rel}","templated":true}]}}