{"id":10153,"date":"2025-01-20T15:42:46","date_gmt":"2025-01-20T14:42:46","guid":{"rendered":"https:\/\/wgphoto.pl\/t\/?p=10153"},"modified":"2025-01-20T15:42:46","modified_gmt":"2025-01-20T14:42:46","slug":"drugi-i-ostatni","status":"publish","type":"post","link":"http:\/\/wgphoto.pl\/t\/?p=10153","title":{"rendered":"Drugi i ostatni"},"content":{"rendered":"\n<figure class=\"wp-block-image aligncenter size-full\"><img loading=\"lazy\" decoding=\"async\" width=\"600\" height=\"900\" src=\"https:\/\/wgphoto.pl\/t\/wp-content\/uploads\/2025\/01\/IMGP7782.jpg\" alt=\"\" class=\"wp-image-10154\" srcset=\"http:\/\/wgphoto.pl\/t\/wp-content\/uploads\/2025\/01\/IMGP7782.jpg 600w, http:\/\/wgphoto.pl\/t\/wp-content\/uploads\/2025\/01\/IMGP7782-200x300.jpg 200w\" sizes=\"auto, (max-width: 600px) 100vw, 600px\" \/><\/figure>\n\n\n\n<div class=\"wp-block-group has-global-padding is-layout-constrained wp-block-group-is-layout-constrained\">\n<p>Drugi pojazd obs\u0142uguj\u0105cy lini\u0119 T3 zbli\u017ca si\u0119 do zachodniego kra\u0144ca trasy, zlokalizowanego w pobli\u017cu mur\u00f3w miejskich. 09.10.2016<\/p>\n<\/div>\n","protected":false},"excerpt":{"rendered":"<p>Drugi pojazd obs\u0142uguj\u0105cy lini\u0119 T3 zbli\u017ca si\u0119 do zachodniego kra\u0144ca trasy, zlokalizowanego w pobli\u017cu mur\u00f3w miejskich. 09.10.2016<\/p>\n","protected":false},"author":1,"featured_media":10154,"comment_status":"open","ping_status":"","sticky":false,"template":"","format":"standard","meta":{"footnotes":""},"categories":[128,125,3],"tags":[987,986,239,985,927,931],"class_list":["post-10153","post","type-post","status-publish","format-standard","has-post-thumbnail","hentry","category-pionowe","category-rok-2016","category-tramwaj","tag-2016-10-09","tag-bursa","tag-deptak","tag-duewag-nx-mx","tag-turcja","tag-turcja-2016"],"_links":{"self":[{"href":"http:\/\/wgphoto.pl\/t\/index.php?rest_route=\/wp\/v2\/posts\/10153","targetHints":{"allow":["GET"]}}],"collection":[{"href":"http:\/\/wgphoto.pl\/t\/index.php?rest_route=\/wp\/v2\/posts"}],"about":[{"href":"http:\/\/wgphoto.pl\/t\/index.php?rest_route=\/wp\/v2\/types\/post"}],"author":[{"embeddable":true,"href":"http:\/\/wgphoto.pl\/t\/index.php?rest_route=\/wp\/v2\/users\/1"}],"replies":[{"embeddable":true,"href":"http:\/\/wgphoto.pl\/t\/index.php?rest_route=%2Fwp%2Fv2%2Fcomments&post=10153"}],"version-history":[{"count":1,"href":"http:\/\/wgphoto.pl\/t\/index.php?rest_route=\/wp\/v2\/posts\/10153\/revisions"}],"predecessor-version":[{"id":10155,"href":"http:\/\/wgphoto.pl\/t\/index.php?rest_route=\/wp\/v2\/posts\/10153\/revisions\/10155"}],"wp:featuredmedia":[{"embeddable":true,"href":"http:\/\/wgphoto.pl\/t\/index.php?rest_route=\/wp\/v2\/media\/10154"}],"wp:attachment":[{"href":"http:\/\/wgphoto.pl\/t\/index.php?rest_route=%2Fwp%2Fv2%2Fmedia&parent=10153"}],"wp:term":[{"taxonomy":"category","embeddable":true,"href":"http:\/\/wgphoto.pl\/t\/index.php?rest_route=%2Fwp%2Fv2%2Fcategories&post=10153"},{"taxonomy":"post_tag","embeddable":true,"href":"http:\/\/wgphoto.pl\/t\/index.php?rest_route=%2Fwp%2Fv2%2Ftags&post=10153"}],"curies":[{"name":"wp","href":"https:\/\/api.w.org\/{rel}","templated":true}]}}