{"id":10190,"date":"2025-01-20T15:56:58","date_gmt":"2025-01-20T14:56:58","guid":{"rendered":"https:\/\/wgphoto.pl\/t\/?p=10190"},"modified":"2025-01-20T15:56:58","modified_gmt":"2025-01-20T14:56:58","slug":"niski-strop","status":"publish","type":"post","link":"http:\/\/wgphoto.pl\/t\/?p=10190","title":{"rendered":"Niski strop"},"content":{"rendered":"\n<figure class=\"wp-block-image aligncenter size-full\"><img loading=\"lazy\" decoding=\"async\" width=\"1200\" height=\"803\" src=\"https:\/\/wgphoto.pl\/t\/wp-content\/uploads\/2025\/01\/IMGP3365-1.jpg\" alt=\"\" class=\"wp-image-10191\" srcset=\"http:\/\/wgphoto.pl\/t\/wp-content\/uploads\/2025\/01\/IMGP3365-1.jpg 1200w, http:\/\/wgphoto.pl\/t\/wp-content\/uploads\/2025\/01\/IMGP3365-1-300x201.jpg 300w, http:\/\/wgphoto.pl\/t\/wp-content\/uploads\/2025\/01\/IMGP3365-1-768x514.jpg 768w\" sizes=\"auto, (max-width: 1200px) 100vw, 1200px\" \/><\/figure>\n\n\n\n<div class=\"wp-block-group has-global-padding is-layout-constrained wp-block-group-is-layout-constrained\">\n<p>Stacja przesiadkowa mi\u0119dzy U6 i U9 &#8211; Leopoldplatz oraz jeden z najm\u0142odszych zestaw\u00f3w typu F, z 1992 roku. Mimo \u017ce foto prezentuje ty\u0142 poci\u0105gu, w kadrze znale\u017a\u0107 mo\u017cna r\u00f3wnie\u017c maszynist\u0119. 2013-05-01<\/p>\n<\/div>\n","protected":false},"excerpt":{"rendered":"<p>Stacja przesiadkowa mi\u0119dzy U6 i U9 &#8211; Leopoldplatz oraz jeden z najm\u0142odszych zestaw\u00f3w typu F, z 1992 roku. Mimo \u017ce foto prezentuje ty\u0142 poci\u0105gu, w kadrze znale\u017a\u0107 mo\u017cna r\u00f3wnie\u017c maszynist\u0119. 2013-05-01<\/p>\n","protected":false},"author":1,"featured_media":10191,"comment_status":"open","ping_status":"","sticky":false,"template":"","format":"standard","meta":{"footnotes":""},"categories":[4,55],"tags":[2990,639,1628,173,640,23,15,2565],"class_list":["post-10190","post","type-post","status-publish","format-standard","has-post-thumbnail","hentry","category-metro","category-rok-2013","tag-2013-05-01","tag-berlin","tag-bvg-berlin","tag-koncowki","tag-majowka-2013","tag-niemcy","tag-tunel","tag-u-bahn-berlin"],"_links":{"self":[{"href":"http:\/\/wgphoto.pl\/t\/index.php?rest_route=\/wp\/v2\/posts\/10190","targetHints":{"allow":["GET"]}}],"collection":[{"href":"http:\/\/wgphoto.pl\/t\/index.php?rest_route=\/wp\/v2\/posts"}],"about":[{"href":"http:\/\/wgphoto.pl\/t\/index.php?rest_route=\/wp\/v2\/types\/post"}],"author":[{"embeddable":true,"href":"http:\/\/wgphoto.pl\/t\/index.php?rest_route=\/wp\/v2\/users\/1"}],"replies":[{"embeddable":true,"href":"http:\/\/wgphoto.pl\/t\/index.php?rest_route=%2Fwp%2Fv2%2Fcomments&post=10190"}],"version-history":[{"count":1,"href":"http:\/\/wgphoto.pl\/t\/index.php?rest_route=\/wp\/v2\/posts\/10190\/revisions"}],"predecessor-version":[{"id":10192,"href":"http:\/\/wgphoto.pl\/t\/index.php?rest_route=\/wp\/v2\/posts\/10190\/revisions\/10192"}],"wp:featuredmedia":[{"embeddable":true,"href":"http:\/\/wgphoto.pl\/t\/index.php?rest_route=\/wp\/v2\/media\/10191"}],"wp:attachment":[{"href":"http:\/\/wgphoto.pl\/t\/index.php?rest_route=%2Fwp%2Fv2%2Fmedia&parent=10190"}],"wp:term":[{"taxonomy":"category","embeddable":true,"href":"http:\/\/wgphoto.pl\/t\/index.php?rest_route=%2Fwp%2Fv2%2Fcategories&post=10190"},{"taxonomy":"post_tag","embeddable":true,"href":"http:\/\/wgphoto.pl\/t\/index.php?rest_route=%2Fwp%2Fv2%2Ftags&post=10190"}],"curies":[{"name":"wp","href":"https:\/\/api.w.org\/{rel}","templated":true}]}}