{"id":10196,"date":"2025-01-20T15:59:44","date_gmt":"2025-01-20T14:59:44","guid":{"rendered":"https:\/\/wgphoto.pl\/t\/?p=10196"},"modified":"2025-01-20T15:59:44","modified_gmt":"2025-01-20T14:59:44","slug":"lakierniczo-trawiaste-rozterki","status":"publish","type":"post","link":"http:\/\/wgphoto.pl\/t\/?p=10196","title":{"rendered":"Lakierniczo &#8211; trawiaste rozterki"},"content":{"rendered":"\n<figure class=\"wp-block-image aligncenter size-full\"><img loading=\"lazy\" decoding=\"async\" width=\"1200\" height=\"795\" src=\"https:\/\/wgphoto.pl\/t\/wp-content\/uploads\/2025\/01\/IMGP7030.jpg\" alt=\"\" class=\"wp-image-10197\" srcset=\"http:\/\/wgphoto.pl\/t\/wp-content\/uploads\/2025\/01\/IMGP7030.jpg 1200w, http:\/\/wgphoto.pl\/t\/wp-content\/uploads\/2025\/01\/IMGP7030-300x199.jpg 300w, http:\/\/wgphoto.pl\/t\/wp-content\/uploads\/2025\/01\/IMGP7030-768x509.jpg 768w\" sizes=\"auto, (max-width: 1200px) 100vw, 1200px\" \/><\/figure>\n\n\n\n<div class=\"wp-block-group has-global-padding is-layout-constrained wp-block-group-is-layout-constrained\">\n<p>Bombardier pokonuje zawijasy przed ko\u0144cowym przystankiem w Fulpmes. Cie\u017cko jest doprowadzi\u0107 do \u0142adu kolorystyk\u0119 zdj\u0119cia gdy wiadomo, \u017ce tramwaj powinien by\u0107 bordowy, lecz w b\u0142yszcz\u0105cym lakierze odbija si\u0119 soczy\u015bcie zielona trawa. 19.08.2014<\/p>\n<\/div>\n","protected":false},"excerpt":{"rendered":"<p>Bombardier pokonuje zawijasy przed ko\u0144cowym przystankiem w Fulpmes. Cie\u017cko jest doprowadzi\u0107 do \u0142adu kolorystyk\u0119 zdj\u0119cia gdy wiadomo, \u017ce tramwaj powinien by\u0107 bordowy, lecz w b\u0142yszcz\u0105cym lakierze odbija si\u0119 soczy\u015bcie zielona trawa. 19.08.2014<\/p>\n","protected":false},"author":1,"featured_media":10197,"comment_status":"open","ping_status":"","sticky":false,"template":"","format":"standard","meta":{"footnotes":""},"categories":[48,3],"tags":[1397,9,185,114,241,242,1396],"class_list":["post-10196","post","type-post","status-publish","format-standard","has-post-thumbnail","hentry","category-rok-2014","category-tramwaj","tag-2014-08-19","tag-austria","tag-cityrunner","tag-gory","tag-innsbruck","tag-ivb-innsbruck","tag-stubaitalbahn"],"_links":{"self":[{"href":"http:\/\/wgphoto.pl\/t\/index.php?rest_route=\/wp\/v2\/posts\/10196","targetHints":{"allow":["GET"]}}],"collection":[{"href":"http:\/\/wgphoto.pl\/t\/index.php?rest_route=\/wp\/v2\/posts"}],"about":[{"href":"http:\/\/wgphoto.pl\/t\/index.php?rest_route=\/wp\/v2\/types\/post"}],"author":[{"embeddable":true,"href":"http:\/\/wgphoto.pl\/t\/index.php?rest_route=\/wp\/v2\/users\/1"}],"replies":[{"embeddable":true,"href":"http:\/\/wgphoto.pl\/t\/index.php?rest_route=%2Fwp%2Fv2%2Fcomments&post=10196"}],"version-history":[{"count":1,"href":"http:\/\/wgphoto.pl\/t\/index.php?rest_route=\/wp\/v2\/posts\/10196\/revisions"}],"predecessor-version":[{"id":10198,"href":"http:\/\/wgphoto.pl\/t\/index.php?rest_route=\/wp\/v2\/posts\/10196\/revisions\/10198"}],"wp:featuredmedia":[{"embeddable":true,"href":"http:\/\/wgphoto.pl\/t\/index.php?rest_route=\/wp\/v2\/media\/10197"}],"wp:attachment":[{"href":"http:\/\/wgphoto.pl\/t\/index.php?rest_route=%2Fwp%2Fv2%2Fmedia&parent=10196"}],"wp:term":[{"taxonomy":"category","embeddable":true,"href":"http:\/\/wgphoto.pl\/t\/index.php?rest_route=%2Fwp%2Fv2%2Fcategories&post=10196"},{"taxonomy":"post_tag","embeddable":true,"href":"http:\/\/wgphoto.pl\/t\/index.php?rest_route=%2Fwp%2Fv2%2Ftags&post=10196"}],"curies":[{"name":"wp","href":"https:\/\/api.w.org\/{rel}","templated":true}]}}