{"id":10202,"date":"2025-01-20T16:03:02","date_gmt":"2025-01-20T15:03:02","guid":{"rendered":"https:\/\/wgphoto.pl\/t\/?p=10202"},"modified":"2025-01-20T16:03:02","modified_gmt":"2025-01-20T15:03:02","slug":"najwazniejsze-ze-kola-sie-kreca","status":"publish","type":"post","link":"http:\/\/wgphoto.pl\/t\/?p=10202","title":{"rendered":"Najwa\u017cniejsze \u017ce ko\u0142a si\u0119 kr\u0119c\u0105"},"content":{"rendered":"\n<figure class=\"wp-block-image aligncenter size-full\"><img loading=\"lazy\" decoding=\"async\" width=\"1300\" height=\"872\" src=\"https:\/\/wgphoto.pl\/t\/wp-content\/uploads\/2025\/01\/IMGP5268.jpg\" alt=\"\" class=\"wp-image-10204\" srcset=\"http:\/\/wgphoto.pl\/t\/wp-content\/uploads\/2025\/01\/IMGP5268.jpg 1300w, http:\/\/wgphoto.pl\/t\/wp-content\/uploads\/2025\/01\/IMGP5268-300x201.jpg 300w, http:\/\/wgphoto.pl\/t\/wp-content\/uploads\/2025\/01\/IMGP5268-768x515.jpg 768w\" sizes=\"auto, (max-width: 1300px) 100vw, 1300px\" \/><\/figure>\n\n\n\n<div class=\"wp-block-group has-global-padding is-layout-constrained wp-block-group-is-layout-constrained\">\n<p>Kij\u00f3w, Herojiw Dnipra wul. Zm\u0119czona \u017cyciem Tatra zaraz osi\u0105gnie p\u0119tl\u0119 po\u0142o\u017con\u0105 przy ko\u0144cowej stacji metra w &#8222;piwnej&#8221; dzielnicy Obo\u0142o\u0144. 2010-08-03<\/p>\n<\/div>\n","protected":false},"excerpt":{"rendered":"<p>Kij\u00f3w, Herojiw Dnipra wul. Zm\u0119czona \u017cyciem Tatra zaraz osi\u0105gnie p\u0119tl\u0119 po\u0142o\u017con\u0105 przy ko\u0144cowej stacji metra w &#8222;piwnej&#8221; dzielnicy Obo\u0142o\u0144. 2010-08-03<\/p>\n","protected":false},"author":1,"featured_media":10204,"comment_status":"open","ping_status":"","sticky":false,"template":"","format":"standard","meta":{"footnotes":""},"categories":[86,3],"tags":[2075,452,1011,453],"class_list":["post-10202","post","type-post","status-publish","format-standard","has-post-thumbnail","hentry","category-rok-2010","category-tramwaj","tag-2010-08-03","tag-kijow","tag-tatra-t3","tag-ukraina"],"_links":{"self":[{"href":"http:\/\/wgphoto.pl\/t\/index.php?rest_route=\/wp\/v2\/posts\/10202","targetHints":{"allow":["GET"]}}],"collection":[{"href":"http:\/\/wgphoto.pl\/t\/index.php?rest_route=\/wp\/v2\/posts"}],"about":[{"href":"http:\/\/wgphoto.pl\/t\/index.php?rest_route=\/wp\/v2\/types\/post"}],"author":[{"embeddable":true,"href":"http:\/\/wgphoto.pl\/t\/index.php?rest_route=\/wp\/v2\/users\/1"}],"replies":[{"embeddable":true,"href":"http:\/\/wgphoto.pl\/t\/index.php?rest_route=%2Fwp%2Fv2%2Fcomments&post=10202"}],"version-history":[{"count":1,"href":"http:\/\/wgphoto.pl\/t\/index.php?rest_route=\/wp\/v2\/posts\/10202\/revisions"}],"predecessor-version":[{"id":10205,"href":"http:\/\/wgphoto.pl\/t\/index.php?rest_route=\/wp\/v2\/posts\/10202\/revisions\/10205"}],"wp:featuredmedia":[{"embeddable":true,"href":"http:\/\/wgphoto.pl\/t\/index.php?rest_route=\/wp\/v2\/media\/10204"}],"wp:attachment":[{"href":"http:\/\/wgphoto.pl\/t\/index.php?rest_route=%2Fwp%2Fv2%2Fmedia&parent=10202"}],"wp:term":[{"taxonomy":"category","embeddable":true,"href":"http:\/\/wgphoto.pl\/t\/index.php?rest_route=%2Fwp%2Fv2%2Fcategories&post=10202"},{"taxonomy":"post_tag","embeddable":true,"href":"http:\/\/wgphoto.pl\/t\/index.php?rest_route=%2Fwp%2Fv2%2Ftags&post=10202"}],"curies":[{"name":"wp","href":"https:\/\/api.w.org\/{rel}","templated":true}]}}