{"id":10215,"date":"2025-01-22T18:58:33","date_gmt":"2025-01-22T17:58:33","guid":{"rendered":"https:\/\/wgphoto.pl\/t\/?p=10215"},"modified":"2025-01-22T18:58:33","modified_gmt":"2025-01-22T17:58:33","slug":"peter-witt-w-deszczu","status":"publish","type":"post","link":"http:\/\/wgphoto.pl\/t\/?p=10215","title":{"rendered":"Peter Witt w deszczu"},"content":{"rendered":"\n<figure class=\"wp-block-image aligncenter size-full\"><img loading=\"lazy\" decoding=\"async\" width=\"1400\" height=\"927\" src=\"https:\/\/wgphoto.pl\/t\/wp-content\/uploads\/2025\/01\/IMGP7862-1.jpg\" alt=\"\" class=\"wp-image-10217\" srcset=\"http:\/\/wgphoto.pl\/t\/wp-content\/uploads\/2025\/01\/IMGP7862-1.jpg 1400w, http:\/\/wgphoto.pl\/t\/wp-content\/uploads\/2025\/01\/IMGP7862-1-300x199.jpg 300w, http:\/\/wgphoto.pl\/t\/wp-content\/uploads\/2025\/01\/IMGP7862-1-768x509.jpg 768w\" sizes=\"auto, (max-width: 1400px) 100vw, 1400px\" \/><\/figure>\n\n\n\n<div class=\"wp-block-group has-global-padding is-layout-constrained wp-block-group-is-layout-constrained\">\n<p>Mediolan, Piazza Duca D&#8217;Aosta (plac przed dworcem centralnym). Jeszcze takie foto Peter Witta, pozwalaj\u0105ce przyjrze\u0107 si\u0119 tramwajowi z profilu. Rozmieszczenie szerokich drzwi, sterowanych przez motorniczego pneumatycznie, z powodzeniem spe\u0142nia wsp\u00f3\u0142czesne standardy. 05.11.2014<\/p>\n<\/div>\n","protected":false},"excerpt":{"rendered":"<p>Mediolan, Piazza Duca D&#8217;Aosta (plac przed dworcem centralnym). Jeszcze takie foto Peter Witta, pozwalaj\u0105ce przyjrze\u0107 si\u0119 tramwajowi z profilu. Rozmieszczenie szerokich drzwi, sterowanych przez motorniczego pneumatycznie, z powodzeniem spe\u0142nia wsp\u00f3\u0142czesne standardy. 05.11.2014<\/p>\n","protected":false},"author":1,"featured_media":10217,"comment_status":"open","ping_status":"","sticky":false,"template":"","format":"standard","meta":{"footnotes":""},"categories":[48,3],"tags":[2996,834,13,835,2724,110],"class_list":["post-10215","post","type-post","status-publish","format-standard","has-post-thumbnail","hentry","category-rok-2014","category-tramwaj","tag-2014-11-05","tag-atm-milano","tag-deszcz","tag-mediolan","tag-peter-witt","tag-wlochy"],"_links":{"self":[{"href":"http:\/\/wgphoto.pl\/t\/index.php?rest_route=\/wp\/v2\/posts\/10215","targetHints":{"allow":["GET"]}}],"collection":[{"href":"http:\/\/wgphoto.pl\/t\/index.php?rest_route=\/wp\/v2\/posts"}],"about":[{"href":"http:\/\/wgphoto.pl\/t\/index.php?rest_route=\/wp\/v2\/types\/post"}],"author":[{"embeddable":true,"href":"http:\/\/wgphoto.pl\/t\/index.php?rest_route=\/wp\/v2\/users\/1"}],"replies":[{"embeddable":true,"href":"http:\/\/wgphoto.pl\/t\/index.php?rest_route=%2Fwp%2Fv2%2Fcomments&post=10215"}],"version-history":[{"count":1,"href":"http:\/\/wgphoto.pl\/t\/index.php?rest_route=\/wp\/v2\/posts\/10215\/revisions"}],"predecessor-version":[{"id":10218,"href":"http:\/\/wgphoto.pl\/t\/index.php?rest_route=\/wp\/v2\/posts\/10215\/revisions\/10218"}],"wp:featuredmedia":[{"embeddable":true,"href":"http:\/\/wgphoto.pl\/t\/index.php?rest_route=\/wp\/v2\/media\/10217"}],"wp:attachment":[{"href":"http:\/\/wgphoto.pl\/t\/index.php?rest_route=%2Fwp%2Fv2%2Fmedia&parent=10215"}],"wp:term":[{"taxonomy":"category","embeddable":true,"href":"http:\/\/wgphoto.pl\/t\/index.php?rest_route=%2Fwp%2Fv2%2Fcategories&post=10215"},{"taxonomy":"post_tag","embeddable":true,"href":"http:\/\/wgphoto.pl\/t\/index.php?rest_route=%2Fwp%2Fv2%2Ftags&post=10215"}],"curies":[{"name":"wp","href":"https:\/\/api.w.org\/{rel}","templated":true}]}}