{"id":10228,"date":"2025-01-22T19:56:05","date_gmt":"2025-01-22T18:56:05","guid":{"rendered":"https:\/\/wgphoto.pl\/t\/?p=10228"},"modified":"2025-01-22T21:03:12","modified_gmt":"2025-01-22T20:03:12","slug":"nowoczesnosc-pod-dworcem","status":"publish","type":"post","link":"http:\/\/wgphoto.pl\/t\/?p=10228","title":{"rendered":"Nowoczesno\u015b\u0107 pod dworcem"},"content":{"rendered":"\n<figure class=\"wp-block-image aligncenter size-full\"><img loading=\"lazy\" decoding=\"async\" width=\"1400\" height=\"927\" src=\"https:\/\/wgphoto.pl\/t\/wp-content\/uploads\/2025\/01\/IMGP7854.jpg\" alt=\"\" class=\"wp-image-10274\" srcset=\"http:\/\/wgphoto.pl\/t\/wp-content\/uploads\/2025\/01\/IMGP7854.jpg 1400w, http:\/\/wgphoto.pl\/t\/wp-content\/uploads\/2025\/01\/IMGP7854-300x199.jpg 300w, http:\/\/wgphoto.pl\/t\/wp-content\/uploads\/2025\/01\/IMGP7854-768x509.jpg 768w\" sizes=\"auto, (max-width: 1400px) 100vw, 1400px\" \/><\/figure>\n\n\n\n<div class=\"wp-block-group has-global-padding is-layout-constrained wp-block-group-is-layout-constrained\">\n<p>Mediolan, p\u0119tla Stazione Centrale. Powiewem nowoczesno\u015bci w parku taborowym tutejszych tramwaj\u00f3w s\u0105 niskopod\u0142ogowce serii Sirio od Ansaldo-Bredy w wersji 5- i 7-cz\u0142onowej. Na zdj\u0119cie z zachodni\u0105 fasad\u0105 dworca centralnego za\u0142apa\u0142y si\u0119 dwa kr\u00f3tsze wagony. 05.11.2014<\/p>\n<\/div>\n","protected":false},"excerpt":{"rendered":"<p>Mediolan, p\u0119tla Stazione Centrale. Powiewem nowoczesno\u015bci w parku taborowym tutejszych tramwaj\u00f3w s\u0105 niskopod\u0142ogowce serii Sirio od Ansaldo-Bredy w wersji 5- i 7-cz\u0142onowej. Na zdj\u0119cie z zachodni\u0105 fasad\u0105 dworca centralnego za\u0142apa\u0142y si\u0119 dwa kr\u00f3tsze wagony. 05.11.2014<\/p>\n","protected":false},"author":1,"featured_media":10274,"comment_status":"open","ping_status":"","sticky":false,"template":"","format":"standard","meta":{"footnotes":""},"categories":[48,3],"tags":[2996,34,834,13,835,831,380,110],"class_list":["post-10228","post","type-post","status-publish","format-standard","has-post-thumbnail","hentry","category-rok-2014","category-tramwaj","tag-2014-11-05","tag-architektura","tag-atm-milano","tag-deszcz","tag-mediolan","tag-sirio","tag-spod-dworca","tag-wlochy"],"_links":{"self":[{"href":"http:\/\/wgphoto.pl\/t\/index.php?rest_route=\/wp\/v2\/posts\/10228","targetHints":{"allow":["GET"]}}],"collection":[{"href":"http:\/\/wgphoto.pl\/t\/index.php?rest_route=\/wp\/v2\/posts"}],"about":[{"href":"http:\/\/wgphoto.pl\/t\/index.php?rest_route=\/wp\/v2\/types\/post"}],"author":[{"embeddable":true,"href":"http:\/\/wgphoto.pl\/t\/index.php?rest_route=\/wp\/v2\/users\/1"}],"replies":[{"embeddable":true,"href":"http:\/\/wgphoto.pl\/t\/index.php?rest_route=%2Fwp%2Fv2%2Fcomments&post=10228"}],"version-history":[{"count":2,"href":"http:\/\/wgphoto.pl\/t\/index.php?rest_route=\/wp\/v2\/posts\/10228\/revisions"}],"predecessor-version":[{"id":10275,"href":"http:\/\/wgphoto.pl\/t\/index.php?rest_route=\/wp\/v2\/posts\/10228\/revisions\/10275"}],"wp:featuredmedia":[{"embeddable":true,"href":"http:\/\/wgphoto.pl\/t\/index.php?rest_route=\/wp\/v2\/media\/10274"}],"wp:attachment":[{"href":"http:\/\/wgphoto.pl\/t\/index.php?rest_route=%2Fwp%2Fv2%2Fmedia&parent=10228"}],"wp:term":[{"taxonomy":"category","embeddable":true,"href":"http:\/\/wgphoto.pl\/t\/index.php?rest_route=%2Fwp%2Fv2%2Fcategories&post=10228"},{"taxonomy":"post_tag","embeddable":true,"href":"http:\/\/wgphoto.pl\/t\/index.php?rest_route=%2Fwp%2Fv2%2Ftags&post=10228"}],"curies":[{"name":"wp","href":"https:\/\/api.w.org\/{rel}","templated":true}]}}