{"id":10234,"date":"2025-01-22T19:58:10","date_gmt":"2025-01-22T18:58:10","guid":{"rendered":"https:\/\/wgphoto.pl\/t\/?p=10234"},"modified":"2025-01-22T19:58:10","modified_gmt":"2025-01-22T18:58:10","slug":"bombardier-eurotram-nr-7023","status":"publish","type":"post","link":"http:\/\/wgphoto.pl\/t\/?p=10234","title":{"rendered":"Bombardier Eurotram nr 7023"},"content":{"rendered":"\n<figure class=\"wp-block-image aligncenter size-full\"><img loading=\"lazy\" decoding=\"async\" width=\"1050\" height=\"700\" src=\"https:\/\/wgphoto.pl\/t\/wp-content\/uploads\/2025\/01\/IMGP7690.jpg\" alt=\"\" class=\"wp-image-10235\" srcset=\"http:\/\/wgphoto.pl\/t\/wp-content\/uploads\/2025\/01\/IMGP7690.jpg 1050w, http:\/\/wgphoto.pl\/t\/wp-content\/uploads\/2025\/01\/IMGP7690-300x200.jpg 300w, http:\/\/wgphoto.pl\/t\/wp-content\/uploads\/2025\/01\/IMGP7690-768x512.jpg 768w\" sizes=\"auto, (max-width: 1050px) 100vw, 1050px\" \/><\/figure>\n\n\n\n<div class=\"wp-block-group has-global-padding is-layout-constrained wp-block-group-is-layout-constrained\">\n<p>Mediolan, Via dei Missaglia, tu\u017c za przystankiem przesiadkowym na metro Abbiategrasso. Stolica Lombardii nale\u017cy do grona miast, w kt\u00f3rych spotka\u0107 mo\u017cna Eurotramy &#8211; w tym przypadku w wersji jednokierunkowej. Kilkunastoletnie wozy s\u0105 ju\u017c wewn\u0105trz mocno poniszczone. 04.11.2014<\/p>\n<\/div>\n","protected":false},"excerpt":{"rendered":"<p>Mediolan, Via dei Missaglia, tu\u017c za przystankiem przesiadkowym na metro Abbiategrasso. Stolica Lombardii nale\u017cy do grona miast, w kt\u00f3rych spotka\u0107 mo\u017cna Eurotramy &#8211; w tym przypadku w wersji jednokierunkowej. Kilkunastoletnie wozy s\u0105 ju\u017c wewn\u0105trz mocno poniszczone. 04.11.2014<\/p>\n","protected":false},"author":1,"featured_media":10235,"comment_status":"open","ping_status":"","sticky":false,"template":"","format":"standard","meta":{"footnotes":""},"categories":[48,3],"tags":[2818,834,502,835,110],"class_list":["post-10234","post","type-post","status-publish","format-standard","has-post-thumbnail","hentry","category-rok-2014","category-tramwaj","tag-2014-11-04","tag-atm-milano","tag-eurotram","tag-mediolan","tag-wlochy"],"_links":{"self":[{"href":"http:\/\/wgphoto.pl\/t\/index.php?rest_route=\/wp\/v2\/posts\/10234","targetHints":{"allow":["GET"]}}],"collection":[{"href":"http:\/\/wgphoto.pl\/t\/index.php?rest_route=\/wp\/v2\/posts"}],"about":[{"href":"http:\/\/wgphoto.pl\/t\/index.php?rest_route=\/wp\/v2\/types\/post"}],"author":[{"embeddable":true,"href":"http:\/\/wgphoto.pl\/t\/index.php?rest_route=\/wp\/v2\/users\/1"}],"replies":[{"embeddable":true,"href":"http:\/\/wgphoto.pl\/t\/index.php?rest_route=%2Fwp%2Fv2%2Fcomments&post=10234"}],"version-history":[{"count":1,"href":"http:\/\/wgphoto.pl\/t\/index.php?rest_route=\/wp\/v2\/posts\/10234\/revisions"}],"predecessor-version":[{"id":10236,"href":"http:\/\/wgphoto.pl\/t\/index.php?rest_route=\/wp\/v2\/posts\/10234\/revisions\/10236"}],"wp:featuredmedia":[{"embeddable":true,"href":"http:\/\/wgphoto.pl\/t\/index.php?rest_route=\/wp\/v2\/media\/10235"}],"wp:attachment":[{"href":"http:\/\/wgphoto.pl\/t\/index.php?rest_route=%2Fwp%2Fv2%2Fmedia&parent=10234"}],"wp:term":[{"taxonomy":"category","embeddable":true,"href":"http:\/\/wgphoto.pl\/t\/index.php?rest_route=%2Fwp%2Fv2%2Fcategories&post=10234"},{"taxonomy":"post_tag","embeddable":true,"href":"http:\/\/wgphoto.pl\/t\/index.php?rest_route=%2Fwp%2Fv2%2Ftags&post=10234"}],"curies":[{"name":"wp","href":"https:\/\/api.w.org\/{rel}","templated":true}]}}