{"id":10258,"date":"2025-01-22T20:07:53","date_gmt":"2025-01-22T19:07:53","guid":{"rendered":"https:\/\/wgphoto.pl\/t\/?p=10258"},"modified":"2025-01-22T20:07:53","modified_gmt":"2025-01-22T19:07:53","slug":"balagan-w-stuletnim-tunelu","status":"publish","type":"post","link":"http:\/\/wgphoto.pl\/t\/?p=10258","title":{"rendered":"Ba\u0142agan w stuletnim tunelu"},"content":{"rendered":"\n<figure class=\"wp-block-image aligncenter size-full\"><img loading=\"lazy\" decoding=\"async\" width=\"1050\" height=\"700\" src=\"https:\/\/wgphoto.pl\/t\/wp-content\/uploads\/2025\/01\/IMGP6306.jpg\" alt=\"\" class=\"wp-image-10259\" srcset=\"http:\/\/wgphoto.pl\/t\/wp-content\/uploads\/2025\/01\/IMGP6306.jpg 1050w, http:\/\/wgphoto.pl\/t\/wp-content\/uploads\/2025\/01\/IMGP6306-300x200.jpg 300w, http:\/\/wgphoto.pl\/t\/wp-content\/uploads\/2025\/01\/IMGP6306-768x512.jpg 768w\" sizes=\"auto, (max-width: 1050px) 100vw, 1050px\" \/><\/figure>\n\n\n\n<div class=\"wp-block-group has-global-padding is-layout-constrained wp-block-group-is-layout-constrained\">\n<p>Spojrzenie do wn\u0119trza tunelu jest jedn\u0105 z niewielu mo\u017cliwo\u015bci sfotografowania wagonu metra bez zb\u0119dnych przeszkadzajek w postaci filar\u00f3w. Na zdj\u0119ciu: \u015br\u00f3dmiejski kraniec V\u00f6r\u00f6smarty t\u00e9r. 22.06.2014<\/p>\n<\/div>\n","protected":false},"excerpt":{"rendered":"<p>Spojrzenie do wn\u0119trza tunelu jest jedn\u0105 z niewielu mo\u017cliwo\u015bci sfotografowania wagonu metra bez zb\u0119dnych przeszkadzajek w postaci filar\u00f3w. Na zdj\u0119ciu: \u015br\u00f3dmiejski kraniec V\u00f6r\u00f6smarty t\u00e9r. 22.06.2014<\/p>\n","protected":false},"author":1,"featured_media":10259,"comment_status":"open","ping_status":"","sticky":false,"template":"","format":"standard","meta":{"footnotes":""},"categories":[4,48],"tags":[222,147,2898,144,173,15,105],"class_list":["post-10258","post","type-post","status-publish","format-standard","has-post-thumbnail","hentry","category-metro","category-rok-2014","tag-2014-06-22","tag-bkv-budapest","tag-budapesti-metro","tag-budapeszt","tag-koncowki","tag-tunel","tag-wegry"],"_links":{"self":[{"href":"http:\/\/wgphoto.pl\/t\/index.php?rest_route=\/wp\/v2\/posts\/10258","targetHints":{"allow":["GET"]}}],"collection":[{"href":"http:\/\/wgphoto.pl\/t\/index.php?rest_route=\/wp\/v2\/posts"}],"about":[{"href":"http:\/\/wgphoto.pl\/t\/index.php?rest_route=\/wp\/v2\/types\/post"}],"author":[{"embeddable":true,"href":"http:\/\/wgphoto.pl\/t\/index.php?rest_route=\/wp\/v2\/users\/1"}],"replies":[{"embeddable":true,"href":"http:\/\/wgphoto.pl\/t\/index.php?rest_route=%2Fwp%2Fv2%2Fcomments&post=10258"}],"version-history":[{"count":1,"href":"http:\/\/wgphoto.pl\/t\/index.php?rest_route=\/wp\/v2\/posts\/10258\/revisions"}],"predecessor-version":[{"id":10260,"href":"http:\/\/wgphoto.pl\/t\/index.php?rest_route=\/wp\/v2\/posts\/10258\/revisions\/10260"}],"wp:featuredmedia":[{"embeddable":true,"href":"http:\/\/wgphoto.pl\/t\/index.php?rest_route=\/wp\/v2\/media\/10259"}],"wp:attachment":[{"href":"http:\/\/wgphoto.pl\/t\/index.php?rest_route=%2Fwp%2Fv2%2Fmedia&parent=10258"}],"wp:term":[{"taxonomy":"category","embeddable":true,"href":"http:\/\/wgphoto.pl\/t\/index.php?rest_route=%2Fwp%2Fv2%2Fcategories&post=10258"},{"taxonomy":"post_tag","embeddable":true,"href":"http:\/\/wgphoto.pl\/t\/index.php?rest_route=%2Fwp%2Fv2%2Ftags&post=10258"}],"curies":[{"name":"wp","href":"https:\/\/api.w.org\/{rel}","templated":true}]}}