{"id":10347,"date":"2025-01-23T20:19:39","date_gmt":"2025-01-23T19:19:39","guid":{"rendered":"https:\/\/wgphoto.pl\/t\/?p=10347"},"modified":"2025-01-23T20:24:50","modified_gmt":"2025-01-23T19:24:50","slug":"podmiejskie-osobaki","status":"publish","type":"post","link":"http:\/\/wgphoto.pl\/t\/?p=10347","title":{"rendered":"Podmiejskie osobaki"},"content":{"rendered":"\n<figure class=\"wp-block-image aligncenter size-full\"><img loading=\"lazy\" decoding=\"async\" width=\"1000\" height=\"650\" src=\"https:\/\/wgphoto.pl\/t\/wp-content\/uploads\/2025\/01\/0803-13.jpg\" alt=\"\" class=\"wp-image-10348\" srcset=\"http:\/\/wgphoto.pl\/t\/wp-content\/uploads\/2025\/01\/0803-13.jpg 1000w, http:\/\/wgphoto.pl\/t\/wp-content\/uploads\/2025\/01\/0803-13-300x195.jpg 300w, http:\/\/wgphoto.pl\/t\/wp-content\/uploads\/2025\/01\/0803-13-768x499.jpg 768w\" sizes=\"auto, (max-width: 1000px) 100vw, 1000px\" \/><\/figure>\n\n\n\n<div class=\"wp-block-group has-global-padding is-layout-constrained wp-block-group-is-layout-constrained\">\n<p>Jarom\u011b\u0159. 163 065 pojedzie z osobowym 5685 do Hradce Kr\u00e1lov\u00e9 hl.n., obok widoczny jest sk\u0142ad poci\u0105gu 5684 relacji przeciwnej. Trasa z Pardubic przez Hradec Kr\u00e1lov\u00e9 do Jaromierza jest specyficzna. Liczy 39 km i \u0142\u0105czy dwa miasta wojew\u00f3dzkie (odleg\u0142e o zaledwie 22 km), jest w ca\u0142o\u015bci jednotorowa ale nie przeszkadza to Czechom uruchamia\u0107 przez ca\u0142y dzie\u0144 od 2 do 4 poci\u0105g\u00f3w pasa\u017cerskich na godzin\u0119 w ka\u017cdym kierunku (podmiejskie osob\u00f3wki w zestawieniu jak wy\u017cej, zag\u0119szczane rychlikami oraz motorakami kursuj\u0105cymi w relacjach pobocznych). Obecnie sk\u0142ady wagonowe zosta\u0142y wyparte przez jednostki elektryczne RegioPanter, a na fragmentach trasy dobudowano drugi tor. 23.02.2008<\/p>\n<\/div>\n","protected":false},"excerpt":{"rendered":"<p>Jarom\u011b\u0159. 163 065 pojedzie z osobowym 5685 do Hradce Kr\u00e1lov\u00e9 hl.n., obok widoczny jest sk\u0142ad poci\u0105gu 5684 relacji przeciwnej. Trasa z Pardubic przez Hradec Kr\u00e1lov\u00e9 do Jaromierza jest specyficzna. Liczy 39 km i \u0142\u0105czy dwa miasta wojew\u00f3dzkie (odleg\u0142e o zaledwie 22 km), jest w ca\u0142o\u015bci jednotorowa ale nie przeszkadza to Czechom uruchamia\u0107 przez ca\u0142y dzie\u0144 [&hellip;]<\/p>\n","protected":false},"author":1,"featured_media":10348,"comment_status":"open","ping_status":"","sticky":false,"template":"","format":"standard","meta":{"footnotes":""},"categories":[62,2,120],"tags":[1401,1474,91,50,49,3016,3015,90],"class_list":["post-10347","post","type-post","status-publish","format-standard","has-post-thumbnail","hentry","category-analog","category-kolej","category-rok-2008","tag-1401","tag-2008-02-23","tag-blue-hour","tag-cd","tag-czechy","tag-jaromer","tag-tab-cz031","tag-wieczorem"],"_links":{"self":[{"href":"http:\/\/wgphoto.pl\/t\/index.php?rest_route=\/wp\/v2\/posts\/10347","targetHints":{"allow":["GET"]}}],"collection":[{"href":"http:\/\/wgphoto.pl\/t\/index.php?rest_route=\/wp\/v2\/posts"}],"about":[{"href":"http:\/\/wgphoto.pl\/t\/index.php?rest_route=\/wp\/v2\/types\/post"}],"author":[{"embeddable":true,"href":"http:\/\/wgphoto.pl\/t\/index.php?rest_route=\/wp\/v2\/users\/1"}],"replies":[{"embeddable":true,"href":"http:\/\/wgphoto.pl\/t\/index.php?rest_route=%2Fwp%2Fv2%2Fcomments&post=10347"}],"version-history":[{"count":2,"href":"http:\/\/wgphoto.pl\/t\/index.php?rest_route=\/wp\/v2\/posts\/10347\/revisions"}],"predecessor-version":[{"id":10356,"href":"http:\/\/wgphoto.pl\/t\/index.php?rest_route=\/wp\/v2\/posts\/10347\/revisions\/10356"}],"wp:featuredmedia":[{"embeddable":true,"href":"http:\/\/wgphoto.pl\/t\/index.php?rest_route=\/wp\/v2\/media\/10348"}],"wp:attachment":[{"href":"http:\/\/wgphoto.pl\/t\/index.php?rest_route=%2Fwp%2Fv2%2Fmedia&parent=10347"}],"wp:term":[{"taxonomy":"category","embeddable":true,"href":"http:\/\/wgphoto.pl\/t\/index.php?rest_route=%2Fwp%2Fv2%2Fcategories&post=10347"},{"taxonomy":"post_tag","embeddable":true,"href":"http:\/\/wgphoto.pl\/t\/index.php?rest_route=%2Fwp%2Fv2%2Ftags&post=10347"}],"curies":[{"name":"wp","href":"https:\/\/api.w.org\/{rel}","templated":true}]}}