{"id":10350,"date":"2025-01-23T20:20:34","date_gmt":"2025-01-23T19:20:34","guid":{"rendered":"https:\/\/wgphoto.pl\/t\/?p=10350"},"modified":"2025-01-23T20:20:34","modified_gmt":"2025-01-23T19:20:34","slug":"tabliczki","status":"publish","type":"post","link":"http:\/\/wgphoto.pl\/t\/?p=10350","title":{"rendered":"Tabliczki"},"content":{"rendered":"\n<figure class=\"wp-block-image aligncenter size-full\"><img loading=\"lazy\" decoding=\"async\" width=\"1000\" height=\"650\" src=\"https:\/\/wgphoto.pl\/t\/wp-content\/uploads\/2025\/01\/0803-15.jpg\" alt=\"\" class=\"wp-image-10351\" srcset=\"http:\/\/wgphoto.pl\/t\/wp-content\/uploads\/2025\/01\/0803-15.jpg 1000w, http:\/\/wgphoto.pl\/t\/wp-content\/uploads\/2025\/01\/0803-15-300x195.jpg 300w, http:\/\/wgphoto.pl\/t\/wp-content\/uploads\/2025\/01\/0803-15-768x499.jpg 768w\" sizes=\"auto, (max-width: 1000px) 100vw, 1000px\" \/><\/figure>\n\n\n\n<div class=\"wp-block-group has-global-padding is-layout-constrained wp-block-group-is-layout-constrained\">\n<p>Jarom\u011b\u0159. Pojazd z poprzedniego zdj\u0119cia widziany od strony peronu wraz z elementami informacji pasa\u017cerskiej charakterystycznymi dla tego rejonu \u015bwiata. 23.02.2008<\/p>\n<\/div>\n","protected":false},"excerpt":{"rendered":"<p>Jarom\u011b\u0159. Pojazd z poprzedniego zdj\u0119cia widziany od strony peronu wraz z elementami informacji pasa\u017cerskiej charakterystycznymi dla tego rejonu \u015bwiata. 23.02.2008<\/p>\n","protected":false},"author":1,"featured_media":10351,"comment_status":"open","ping_status":"","sticky":false,"template":"","format":"standard","meta":{"footnotes":""},"categories":[62,2,120],"tags":[1474,92,91,50,49,3016,24,2196,90],"class_list":["post-10350","post","type-post","status-publish","format-standard","has-post-thumbnail","hentry","category-analog","category-kolej","category-rok-2008","tag-2008-02-23","tag-92","tag-blue-hour","tag-cd","tag-czechy","tag-jaromer","tag-perony","tag-tab-cz030","tag-wieczorem"],"_links":{"self":[{"href":"http:\/\/wgphoto.pl\/t\/index.php?rest_route=\/wp\/v2\/posts\/10350","targetHints":{"allow":["GET"]}}],"collection":[{"href":"http:\/\/wgphoto.pl\/t\/index.php?rest_route=\/wp\/v2\/posts"}],"about":[{"href":"http:\/\/wgphoto.pl\/t\/index.php?rest_route=\/wp\/v2\/types\/post"}],"author":[{"embeddable":true,"href":"http:\/\/wgphoto.pl\/t\/index.php?rest_route=\/wp\/v2\/users\/1"}],"replies":[{"embeddable":true,"href":"http:\/\/wgphoto.pl\/t\/index.php?rest_route=%2Fwp%2Fv2%2Fcomments&post=10350"}],"version-history":[{"count":1,"href":"http:\/\/wgphoto.pl\/t\/index.php?rest_route=\/wp\/v2\/posts\/10350\/revisions"}],"predecessor-version":[{"id":10352,"href":"http:\/\/wgphoto.pl\/t\/index.php?rest_route=\/wp\/v2\/posts\/10350\/revisions\/10352"}],"wp:featuredmedia":[{"embeddable":true,"href":"http:\/\/wgphoto.pl\/t\/index.php?rest_route=\/wp\/v2\/media\/10351"}],"wp:attachment":[{"href":"http:\/\/wgphoto.pl\/t\/index.php?rest_route=%2Fwp%2Fv2%2Fmedia&parent=10350"}],"wp:term":[{"taxonomy":"category","embeddable":true,"href":"http:\/\/wgphoto.pl\/t\/index.php?rest_route=%2Fwp%2Fv2%2Fcategories&post=10350"},{"taxonomy":"post_tag","embeddable":true,"href":"http:\/\/wgphoto.pl\/t\/index.php?rest_route=%2Fwp%2Fv2%2Ftags&post=10350"}],"curies":[{"name":"wp","href":"https:\/\/api.w.org\/{rel}","templated":true}]}}