{"id":10383,"date":"2025-01-23T20:59:58","date_gmt":"2025-01-23T19:59:58","guid":{"rendered":"https:\/\/wgphoto.pl\/t\/?p=10383"},"modified":"2025-01-23T20:59:58","modified_gmt":"2025-01-23T19:59:58","slug":"weltawskie-lustro","status":"publish","type":"post","link":"http:\/\/wgphoto.pl\/t\/?p=10383","title":{"rendered":"We\u0142tawskie lustro"},"content":{"rendered":"\n<figure class=\"wp-block-image aligncenter size-full\"><img loading=\"lazy\" decoding=\"async\" width=\"1050\" height=\"700\" src=\"https:\/\/wgphoto.pl\/t\/wp-content\/uploads\/2025\/01\/IMGP8985.jpg\" alt=\"\" class=\"wp-image-10384\" srcset=\"http:\/\/wgphoto.pl\/t\/wp-content\/uploads\/2025\/01\/IMGP8985.jpg 1050w, http:\/\/wgphoto.pl\/t\/wp-content\/uploads\/2025\/01\/IMGP8985-300x200.jpg 300w, http:\/\/wgphoto.pl\/t\/wp-content\/uploads\/2025\/01\/IMGP8985-768x512.jpg 768w\" sizes=\"auto, (max-width: 1050px) 100vw, 1050px\" \/><\/figure>\n\n\n\n<div class=\"wp-block-group has-global-padding is-layout-constrained wp-block-group-is-layout-constrained\">\n<p>Praga, Podolsk\u00e9 n\u00e1b\u0159e\u017e\u00ed. Widok z Wyszehradu w przeciwn\u0105 stron\u0119, wzgl\u0119dem poprzedniego zdj\u0119cia, prezentuje si\u0119 r\u00f3wnie\u017c atrakcyjnie, zw\u0142aszcza dzi\u0119ki \u015bwiat\u0142u odbijanemu od w\u00f3d We\u0142tawy. (dopisek z 2025: prezentowa\u0142by si\u0119 atrakcyjnie, gdyby to obrobi\u0107 na nowo) 29.12.2014<\/p>\n<\/div>\n","protected":false},"excerpt":{"rendered":"<p>Praga, Podolsk\u00e9 n\u00e1b\u0159e\u017e\u00ed. Widok z Wyszehradu w przeciwn\u0105 stron\u0119, wzgl\u0119dem poprzedniego zdj\u0119cia, prezentuje si\u0119 r\u00f3wnie\u017c atrakcyjnie, zw\u0142aszcza dzi\u0119ki \u015bwiat\u0142u odbijanemu od w\u00f3d We\u0142tawy. (dopisek z 2025: prezentowa\u0142by si\u0119 atrakcyjnie, gdyby to obrobi\u0107 na nowo) 29.12.2014<\/p>\n","protected":false},"author":1,"featured_media":10384,"comment_status":"open","ping_status":"","sticky":false,"template":"","format":"standard","meta":{"footnotes":""},"categories":[48,3],"tags":[3022,49,1049,113,52,73,44,1011],"class_list":["post-10383","post","type-post","status-publish","format-standard","has-post-thumbnail","hentry","category-rok-2014","category-tramwaj","tag-2014-12-29","tag-czechy","tag-dp-praha","tag-landszaft","tag-praga","tag-rzeka","tag-snieg","tag-tatra-t3"],"_links":{"self":[{"href":"http:\/\/wgphoto.pl\/t\/index.php?rest_route=\/wp\/v2\/posts\/10383","targetHints":{"allow":["GET"]}}],"collection":[{"href":"http:\/\/wgphoto.pl\/t\/index.php?rest_route=\/wp\/v2\/posts"}],"about":[{"href":"http:\/\/wgphoto.pl\/t\/index.php?rest_route=\/wp\/v2\/types\/post"}],"author":[{"embeddable":true,"href":"http:\/\/wgphoto.pl\/t\/index.php?rest_route=\/wp\/v2\/users\/1"}],"replies":[{"embeddable":true,"href":"http:\/\/wgphoto.pl\/t\/index.php?rest_route=%2Fwp%2Fv2%2Fcomments&post=10383"}],"version-history":[{"count":1,"href":"http:\/\/wgphoto.pl\/t\/index.php?rest_route=\/wp\/v2\/posts\/10383\/revisions"}],"predecessor-version":[{"id":10385,"href":"http:\/\/wgphoto.pl\/t\/index.php?rest_route=\/wp\/v2\/posts\/10383\/revisions\/10385"}],"wp:featuredmedia":[{"embeddable":true,"href":"http:\/\/wgphoto.pl\/t\/index.php?rest_route=\/wp\/v2\/media\/10384"}],"wp:attachment":[{"href":"http:\/\/wgphoto.pl\/t\/index.php?rest_route=%2Fwp%2Fv2%2Fmedia&parent=10383"}],"wp:term":[{"taxonomy":"category","embeddable":true,"href":"http:\/\/wgphoto.pl\/t\/index.php?rest_route=%2Fwp%2Fv2%2Fcategories&post=10383"},{"taxonomy":"post_tag","embeddable":true,"href":"http:\/\/wgphoto.pl\/t\/index.php?rest_route=%2Fwp%2Fv2%2Ftags&post=10383"}],"curies":[{"name":"wp","href":"https:\/\/api.w.org\/{rel}","templated":true}]}}