{"id":10411,"date":"2025-01-23T21:12:10","date_gmt":"2025-01-23T20:12:10","guid":{"rendered":"https:\/\/wgphoto.pl\/t\/?p=10411"},"modified":"2025-01-23T21:12:10","modified_gmt":"2025-01-23T20:12:10","slug":"metrem-na-lotnisko","status":"publish","type":"post","link":"http:\/\/wgphoto.pl\/t\/?p=10411","title":{"rendered":"Metrem na lotnisko"},"content":{"rendered":"\n<figure class=\"wp-block-image aligncenter size-full\"><img loading=\"lazy\" decoding=\"async\" width=\"1050\" height=\"700\" src=\"https:\/\/wgphoto.pl\/t\/wp-content\/uploads\/2025\/01\/IMGP8328.jpg\" alt=\"\" class=\"wp-image-10412\" srcset=\"http:\/\/wgphoto.pl\/t\/wp-content\/uploads\/2025\/01\/IMGP8328.jpg 1050w, http:\/\/wgphoto.pl\/t\/wp-content\/uploads\/2025\/01\/IMGP8328-300x200.jpg 300w, http:\/\/wgphoto.pl\/t\/wp-content\/uploads\/2025\/01\/IMGP8328-768x512.jpg 768w\" sizes=\"auto, (max-width: 1050px) 100vw, 1050px\" \/><\/figure>\n\n\n\n<div class=\"wp-block-group has-global-padding is-layout-constrained wp-block-group-is-layout-constrained\">\n<p>Odcinek Aerodromio &#8211; Koropi. Po\u0142udniowokorea\u0144skiej produkcji (Hyundai &#8211; Rotem) poci\u0105g linii metra nr 3 odjecha\u0142 ze stacji pocz\u0105tkowej przy lotnisku. Metro dociera tu z 30-minutow\u0105 cz\u0119stotliwo\u015bci\u0105. 10.11.2014<\/p>\n<\/div>\n","protected":false},"excerpt":{"rendered":"<p>Odcinek Aerodromio &#8211; Koropi. Po\u0142udniowokorea\u0144skiej produkcji (Hyundai &#8211; Rotem) poci\u0105g linii metra nr 3 odjecha\u0142 ze stacji pocz\u0105tkowej przy lotnisku. Metro dociera tu z 30-minutow\u0105 cz\u0119stotliwo\u015bci\u0105. 10.11.2014<\/p>\n","protected":false},"author":1,"featured_media":10412,"comment_status":"open","ping_status":"","sticky":false,"template":"","format":"standard","meta":{"footnotes":""},"categories":[4,48],"tags":[1023,1015,1014,3025],"class_list":["post-10411","post","type-post","status-publish","format-standard","has-post-thumbnail","hentry","category-metro","category-rok-2014","tag-2014-11-10","tag-ateny","tag-grecja","tag-metro-ateny"],"_links":{"self":[{"href":"http:\/\/wgphoto.pl\/t\/index.php?rest_route=\/wp\/v2\/posts\/10411","targetHints":{"allow":["GET"]}}],"collection":[{"href":"http:\/\/wgphoto.pl\/t\/index.php?rest_route=\/wp\/v2\/posts"}],"about":[{"href":"http:\/\/wgphoto.pl\/t\/index.php?rest_route=\/wp\/v2\/types\/post"}],"author":[{"embeddable":true,"href":"http:\/\/wgphoto.pl\/t\/index.php?rest_route=\/wp\/v2\/users\/1"}],"replies":[{"embeddable":true,"href":"http:\/\/wgphoto.pl\/t\/index.php?rest_route=%2Fwp%2Fv2%2Fcomments&post=10411"}],"version-history":[{"count":1,"href":"http:\/\/wgphoto.pl\/t\/index.php?rest_route=\/wp\/v2\/posts\/10411\/revisions"}],"predecessor-version":[{"id":10413,"href":"http:\/\/wgphoto.pl\/t\/index.php?rest_route=\/wp\/v2\/posts\/10411\/revisions\/10413"}],"wp:featuredmedia":[{"embeddable":true,"href":"http:\/\/wgphoto.pl\/t\/index.php?rest_route=\/wp\/v2\/media\/10412"}],"wp:attachment":[{"href":"http:\/\/wgphoto.pl\/t\/index.php?rest_route=%2Fwp%2Fv2%2Fmedia&parent=10411"}],"wp:term":[{"taxonomy":"category","embeddable":true,"href":"http:\/\/wgphoto.pl\/t\/index.php?rest_route=%2Fwp%2Fv2%2Fcategories&post=10411"},{"taxonomy":"post_tag","embeddable":true,"href":"http:\/\/wgphoto.pl\/t\/index.php?rest_route=%2Fwp%2Fv2%2Ftags&post=10411"}],"curies":[{"name":"wp","href":"https:\/\/api.w.org\/{rel}","templated":true}]}}