{"id":10417,"date":"2025-01-23T21:16:44","date_gmt":"2025-01-23T20:16:44","guid":{"rendered":"https:\/\/wgphoto.pl\/t\/?p=10417"},"modified":"2025-01-23T21:16:44","modified_gmt":"2025-01-23T20:16:44","slug":"kolorowa-kolej","status":"publish","type":"post","link":"http:\/\/wgphoto.pl\/t\/?p=10417","title":{"rendered":"Kolorowa kolej"},"content":{"rendered":"\n<figure class=\"wp-block-image aligncenter size-full\"><img loading=\"lazy\" decoding=\"async\" width=\"1050\" height=\"700\" src=\"https:\/\/wgphoto.pl\/t\/wp-content\/uploads\/2025\/01\/IMGP5389.jpg\" alt=\"\" class=\"wp-image-10418\" srcset=\"http:\/\/wgphoto.pl\/t\/wp-content\/uploads\/2025\/01\/IMGP5389.jpg 1050w, http:\/\/wgphoto.pl\/t\/wp-content\/uploads\/2025\/01\/IMGP5389-300x200.jpg 300w, http:\/\/wgphoto.pl\/t\/wp-content\/uploads\/2025\/01\/IMGP5389-768x512.jpg 768w\" sizes=\"auto, (max-width: 1050px) 100vw, 1050px\" \/><\/figure>\n\n\n\n<div class=\"wp-block-group has-global-padding is-layout-constrained wp-block-group-is-layout-constrained\">\n<p>Na przygranicznej stacji w \u017bytawie spotka\u0142y si\u0119 Desiro dw\u00f3ch przewo\u017anik\u00f3w: ODEG w relacji Zittau &#8211; Cottbus i Vogtlandbahn w relacji Liberec &#8211; Seifhennersdorf. W tle widoczny jest dodatkowo poci\u0105g DB Regio z Drezna do Liberca lub Tanvaldu. 04.12.2011<\/p>\n<\/div>\n","protected":false},"excerpt":{"rendered":"<p>Na przygranicznej stacji w \u017bytawie spotka\u0142y si\u0119 Desiro dw\u00f3ch przewo\u017anik\u00f3w: ODEG w relacji Zittau &#8211; Cottbus i Vogtlandbahn w relacji Liberec &#8211; Seifhennersdorf. W tle widoczny jest dodatkowo poci\u0105g DB Regio z Drezna do Liberca lub Tanvaldu. 04.12.2011<\/p>\n","protected":false},"author":1,"featured_media":10418,"comment_status":"open","ping_status":"","sticky":false,"template":"","format":"standard","meta":{"footnotes":""},"categories":[2,77],"tags":[141,256,3026,173,23,2662,24,223,2663],"class_list":["post-10417","post","type-post","status-publish","format-standard","has-post-thumbnail","hentry","category-kolej","category-rok-2011","tag-2011-12-04","tag-desiro","tag-dlb","tag-koncowki","tag-niemcy","tag-odeg","tag-perony","tag-symetria","tag-zittau"],"_links":{"self":[{"href":"http:\/\/wgphoto.pl\/t\/index.php?rest_route=\/wp\/v2\/posts\/10417","targetHints":{"allow":["GET"]}}],"collection":[{"href":"http:\/\/wgphoto.pl\/t\/index.php?rest_route=\/wp\/v2\/posts"}],"about":[{"href":"http:\/\/wgphoto.pl\/t\/index.php?rest_route=\/wp\/v2\/types\/post"}],"author":[{"embeddable":true,"href":"http:\/\/wgphoto.pl\/t\/index.php?rest_route=\/wp\/v2\/users\/1"}],"replies":[{"embeddable":true,"href":"http:\/\/wgphoto.pl\/t\/index.php?rest_route=%2Fwp%2Fv2%2Fcomments&post=10417"}],"version-history":[{"count":1,"href":"http:\/\/wgphoto.pl\/t\/index.php?rest_route=\/wp\/v2\/posts\/10417\/revisions"}],"predecessor-version":[{"id":10419,"href":"http:\/\/wgphoto.pl\/t\/index.php?rest_route=\/wp\/v2\/posts\/10417\/revisions\/10419"}],"wp:featuredmedia":[{"embeddable":true,"href":"http:\/\/wgphoto.pl\/t\/index.php?rest_route=\/wp\/v2\/media\/10418"}],"wp:attachment":[{"href":"http:\/\/wgphoto.pl\/t\/index.php?rest_route=%2Fwp%2Fv2%2Fmedia&parent=10417"}],"wp:term":[{"taxonomy":"category","embeddable":true,"href":"http:\/\/wgphoto.pl\/t\/index.php?rest_route=%2Fwp%2Fv2%2Fcategories&post=10417"},{"taxonomy":"post_tag","embeddable":true,"href":"http:\/\/wgphoto.pl\/t\/index.php?rest_route=%2Fwp%2Fv2%2Ftags&post=10417"}],"curies":[{"name":"wp","href":"https:\/\/api.w.org\/{rel}","templated":true}]}}