{"id":10470,"date":"2025-01-24T17:27:12","date_gmt":"2025-01-24T16:27:12","guid":{"rendered":"https:\/\/wgphoto.pl\/t\/?p=10470"},"modified":"2025-01-24T17:27:12","modified_gmt":"2025-01-24T16:27:12","slug":"prosek-i","status":"publish","type":"post","link":"http:\/\/wgphoto.pl\/t\/?p=10470","title":{"rendered":"Prosek I"},"content":{"rendered":"\n<figure class=\"wp-block-image aligncenter size-full\"><img loading=\"lazy\" decoding=\"async\" width=\"1300\" height=\"861\" src=\"https:\/\/wgphoto.pl\/t\/wp-content\/uploads\/2025\/01\/IMGP3817.jpg\" alt=\"\" class=\"wp-image-10471\" srcset=\"http:\/\/wgphoto.pl\/t\/wp-content\/uploads\/2025\/01\/IMGP3817.jpg 1300w, http:\/\/wgphoto.pl\/t\/wp-content\/uploads\/2025\/01\/IMGP3817-300x199.jpg 300w, http:\/\/wgphoto.pl\/t\/wp-content\/uploads\/2025\/01\/IMGP3817-768x509.jpg 768w\" sizes=\"auto, (max-width: 1300px) 100vw, 1300px\" \/><\/figure>\n\n\n\n<div class=\"wp-block-group has-global-padding is-layout-constrained wp-block-group-is-layout-constrained\">\n<p>Najnowszy jak dot\u0105d odcinek metra w stolicy Czech [opis z 2014 roku] obejmuje trzy stacje na p\u00f3\u0142nocnym odcinku linii C, spo\u015br\u00f3d kt\u00f3rych tytu\u0142owa jest przedostatni\u0105. Fragment ten otwarto do ruchu 8 maja 2008 roku. 01.04.2014<\/p>\n<\/div>\n","protected":false},"excerpt":{"rendered":"<p>Najnowszy jak dot\u0105d odcinek metra w stolicy Czech [opis z 2014 roku] obejmuje trzy stacje na p\u00f3\u0142nocnym odcinku linii C, spo\u015br\u00f3d kt\u00f3rych tytu\u0142owa jest przedostatni\u0105. Fragment ten otwarto do ruchu 8 maja 2008 roku. 01.04.2014<\/p>\n","protected":false},"author":1,"featured_media":10471,"comment_status":"open","ping_status":"","sticky":false,"template":"","format":"standard","meta":{"footnotes":""},"categories":[4,48],"tags":[702,49,2649,52,1505],"class_list":["post-10470","post","type-post","status-publish","format-standard","has-post-thumbnail","hentry","category-metro","category-rok-2014","tag-2014-04-01","tag-czechy","tag-metro-praha","tag-praga","tag-stacje-praskiego-metra"],"_links":{"self":[{"href":"http:\/\/wgphoto.pl\/t\/index.php?rest_route=\/wp\/v2\/posts\/10470","targetHints":{"allow":["GET"]}}],"collection":[{"href":"http:\/\/wgphoto.pl\/t\/index.php?rest_route=\/wp\/v2\/posts"}],"about":[{"href":"http:\/\/wgphoto.pl\/t\/index.php?rest_route=\/wp\/v2\/types\/post"}],"author":[{"embeddable":true,"href":"http:\/\/wgphoto.pl\/t\/index.php?rest_route=\/wp\/v2\/users\/1"}],"replies":[{"embeddable":true,"href":"http:\/\/wgphoto.pl\/t\/index.php?rest_route=%2Fwp%2Fv2%2Fcomments&post=10470"}],"version-history":[{"count":1,"href":"http:\/\/wgphoto.pl\/t\/index.php?rest_route=\/wp\/v2\/posts\/10470\/revisions"}],"predecessor-version":[{"id":10472,"href":"http:\/\/wgphoto.pl\/t\/index.php?rest_route=\/wp\/v2\/posts\/10470\/revisions\/10472"}],"wp:featuredmedia":[{"embeddable":true,"href":"http:\/\/wgphoto.pl\/t\/index.php?rest_route=\/wp\/v2\/media\/10471"}],"wp:attachment":[{"href":"http:\/\/wgphoto.pl\/t\/index.php?rest_route=%2Fwp%2Fv2%2Fmedia&parent=10470"}],"wp:term":[{"taxonomy":"category","embeddable":true,"href":"http:\/\/wgphoto.pl\/t\/index.php?rest_route=%2Fwp%2Fv2%2Fcategories&post=10470"},{"taxonomy":"post_tag","embeddable":true,"href":"http:\/\/wgphoto.pl\/t\/index.php?rest_route=%2Fwp%2Fv2%2Ftags&post=10470"}],"curies":[{"name":"wp","href":"https:\/\/api.w.org\/{rel}","templated":true}]}}