{"id":10482,"date":"2025-01-24T17:31:12","date_gmt":"2025-01-24T16:31:12","guid":{"rendered":"https:\/\/wgphoto.pl\/t\/?p=10482"},"modified":"2025-01-24T17:31:12","modified_gmt":"2025-01-24T16:31:12","slug":"jak-z-katalogu","status":"publish","type":"post","link":"http:\/\/wgphoto.pl\/t\/?p=10482","title":{"rendered":"Jak z katalogu"},"content":{"rendered":"\n<figure class=\"wp-block-image aligncenter size-full\"><img loading=\"lazy\" decoding=\"async\" width=\"1050\" height=\"700\" src=\"https:\/\/wgphoto.pl\/t\/wp-content\/uploads\/2025\/01\/IMGP3653.jpg\" alt=\"\" class=\"wp-image-10483\" srcset=\"http:\/\/wgphoto.pl\/t\/wp-content\/uploads\/2025\/01\/IMGP3653.jpg 1050w, http:\/\/wgphoto.pl\/t\/wp-content\/uploads\/2025\/01\/IMGP3653-300x200.jpg 300w, http:\/\/wgphoto.pl\/t\/wp-content\/uploads\/2025\/01\/IMGP3653-768x512.jpg 768w\" sizes=\"auto, (max-width: 1050px) 100vw, 1050px\" \/><\/figure>\n\n\n\n<div class=\"wp-block-group has-global-padding is-layout-constrained wp-block-group-is-layout-constrained\">\n<p>Praga, M\u00e1nes\u016fv most. \u0160koda w standardowym uj\u0119ciu z zamkiem i katedr\u0105 \u015aw. Wita w tle. Podobno w tym miejscu wykonywano zdj\u0119cia katalogowe tramwaj\u00f3w produkowanych w zak\u0142adach \u010cKD. 01.04.2014<\/p>\n<\/div>\n","protected":false},"excerpt":{"rendered":"<p>Praga, M\u00e1nes\u016fv most. \u0160koda w standardowym uj\u0119ciu z zamkiem i katedr\u0105 \u015aw. Wita w tle. Podobno w tym miejscu wykonywano zdj\u0119cia katalogowe tramwaj\u00f3w produkowanych w zak\u0142adach \u010cKD. 01.04.2014<\/p>\n","protected":false},"author":1,"featured_media":10483,"comment_status":"open","ping_status":"","sticky":false,"template":"","format":"standard","meta":{"footnotes":""},"categories":[48,3],"tags":[702,34,49,1049,52,95],"class_list":["post-10482","post","type-post","status-publish","format-standard","has-post-thumbnail","hentry","category-rok-2014","category-tramwaj","tag-2014-04-01","tag-architektura","tag-czechy","tag-dp-praha","tag-praga","tag-skoda-15t"],"_links":{"self":[{"href":"http:\/\/wgphoto.pl\/t\/index.php?rest_route=\/wp\/v2\/posts\/10482","targetHints":{"allow":["GET"]}}],"collection":[{"href":"http:\/\/wgphoto.pl\/t\/index.php?rest_route=\/wp\/v2\/posts"}],"about":[{"href":"http:\/\/wgphoto.pl\/t\/index.php?rest_route=\/wp\/v2\/types\/post"}],"author":[{"embeddable":true,"href":"http:\/\/wgphoto.pl\/t\/index.php?rest_route=\/wp\/v2\/users\/1"}],"replies":[{"embeddable":true,"href":"http:\/\/wgphoto.pl\/t\/index.php?rest_route=%2Fwp%2Fv2%2Fcomments&post=10482"}],"version-history":[{"count":1,"href":"http:\/\/wgphoto.pl\/t\/index.php?rest_route=\/wp\/v2\/posts\/10482\/revisions"}],"predecessor-version":[{"id":10484,"href":"http:\/\/wgphoto.pl\/t\/index.php?rest_route=\/wp\/v2\/posts\/10482\/revisions\/10484"}],"wp:featuredmedia":[{"embeddable":true,"href":"http:\/\/wgphoto.pl\/t\/index.php?rest_route=\/wp\/v2\/media\/10483"}],"wp:attachment":[{"href":"http:\/\/wgphoto.pl\/t\/index.php?rest_route=%2Fwp%2Fv2%2Fmedia&parent=10482"}],"wp:term":[{"taxonomy":"category","embeddable":true,"href":"http:\/\/wgphoto.pl\/t\/index.php?rest_route=%2Fwp%2Fv2%2Fcategories&post=10482"},{"taxonomy":"post_tag","embeddable":true,"href":"http:\/\/wgphoto.pl\/t\/index.php?rest_route=%2Fwp%2Fv2%2Ftags&post=10482"}],"curies":[{"name":"wp","href":"https:\/\/api.w.org\/{rel}","templated":true}]}}