{"id":10485,"date":"2025-01-24T17:32:39","date_gmt":"2025-01-24T16:32:39","guid":{"rendered":"https:\/\/wgphoto.pl\/t\/?p=10485"},"modified":"2025-01-24T17:32:39","modified_gmt":"2025-01-24T16:32:39","slug":"praski-landszaft","status":"publish","type":"post","link":"http:\/\/wgphoto.pl\/t\/?p=10485","title":{"rendered":"Praski landszaft"},"content":{"rendered":"\n<figure class=\"wp-block-image aligncenter size-full\"><img loading=\"lazy\" decoding=\"async\" width=\"1050\" height=\"700\" src=\"https:\/\/wgphoto.pl\/t\/wp-content\/uploads\/2025\/01\/IMGP3767.jpg\" alt=\"\" class=\"wp-image-10486\" srcset=\"http:\/\/wgphoto.pl\/t\/wp-content\/uploads\/2025\/01\/IMGP3767.jpg 1050w, http:\/\/wgphoto.pl\/t\/wp-content\/uploads\/2025\/01\/IMGP3767-300x200.jpg 300w, http:\/\/wgphoto.pl\/t\/wp-content\/uploads\/2025\/01\/IMGP3767-768x512.jpg 768w\" sizes=\"auto, (max-width: 1050px) 100vw, 1050px\" \/><\/figure>\n\n\n\n<div class=\"wp-block-group has-global-padding is-layout-constrained wp-block-group-is-layout-constrained\">\n<p>\u0160koda 15T 9252 wspina si\u0119 na Barrandov pokonuj\u0105c pierwszy odcinek mi\u0119dzyprzystankowy tej trasy: Hlubo\u010depy &#8211; Geologick\u00e1. 01.04.2014<\/p>\n<\/div>\n","protected":false},"excerpt":{"rendered":"<p>\u0160koda 15T 9252 wspina si\u0119 na Barrandov pokonuj\u0105c pierwszy odcinek mi\u0119dzyprzystankowy tej trasy: Hlubo\u010depy &#8211; Geologick\u00e1. 01.04.2014<\/p>\n","protected":false},"author":1,"featured_media":10486,"comment_status":"open","ping_status":"","sticky":false,"template":"","format":"standard","meta":{"footnotes":""},"categories":[48,3],"tags":[702,49,1049,113,52,95],"class_list":["post-10485","post","type-post","status-publish","format-standard","has-post-thumbnail","hentry","category-rok-2014","category-tramwaj","tag-2014-04-01","tag-czechy","tag-dp-praha","tag-landszaft","tag-praga","tag-skoda-15t"],"_links":{"self":[{"href":"http:\/\/wgphoto.pl\/t\/index.php?rest_route=\/wp\/v2\/posts\/10485","targetHints":{"allow":["GET"]}}],"collection":[{"href":"http:\/\/wgphoto.pl\/t\/index.php?rest_route=\/wp\/v2\/posts"}],"about":[{"href":"http:\/\/wgphoto.pl\/t\/index.php?rest_route=\/wp\/v2\/types\/post"}],"author":[{"embeddable":true,"href":"http:\/\/wgphoto.pl\/t\/index.php?rest_route=\/wp\/v2\/users\/1"}],"replies":[{"embeddable":true,"href":"http:\/\/wgphoto.pl\/t\/index.php?rest_route=%2Fwp%2Fv2%2Fcomments&post=10485"}],"version-history":[{"count":1,"href":"http:\/\/wgphoto.pl\/t\/index.php?rest_route=\/wp\/v2\/posts\/10485\/revisions"}],"predecessor-version":[{"id":10487,"href":"http:\/\/wgphoto.pl\/t\/index.php?rest_route=\/wp\/v2\/posts\/10485\/revisions\/10487"}],"wp:featuredmedia":[{"embeddable":true,"href":"http:\/\/wgphoto.pl\/t\/index.php?rest_route=\/wp\/v2\/media\/10486"}],"wp:attachment":[{"href":"http:\/\/wgphoto.pl\/t\/index.php?rest_route=%2Fwp%2Fv2%2Fmedia&parent=10485"}],"wp:term":[{"taxonomy":"category","embeddable":true,"href":"http:\/\/wgphoto.pl\/t\/index.php?rest_route=%2Fwp%2Fv2%2Fcategories&post=10485"},{"taxonomy":"post_tag","embeddable":true,"href":"http:\/\/wgphoto.pl\/t\/index.php?rest_route=%2Fwp%2Fv2%2Ftags&post=10485"}],"curies":[{"name":"wp","href":"https:\/\/api.w.org\/{rel}","templated":true}]}}