{"id":10488,"date":"2025-01-24T17:34:28","date_gmt":"2025-01-24T16:34:28","guid":{"rendered":"https:\/\/wgphoto.pl\/t\/?p=10488"},"modified":"2025-01-24T17:34:28","modified_gmt":"2025-01-24T16:34:28","slug":"zolty-2","status":"publish","type":"post","link":"http:\/\/wgphoto.pl\/t\/?p=10488","title":{"rendered":"\u017b\u00f3\u0142ty"},"content":{"rendered":"\n<figure class=\"wp-block-image aligncenter size-full\"><img loading=\"lazy\" decoding=\"async\" width=\"1050\" height=\"700\" src=\"https:\/\/wgphoto.pl\/t\/wp-content\/uploads\/2025\/01\/IMGP3731.jpg\" alt=\"\" class=\"wp-image-10489\" srcset=\"http:\/\/wgphoto.pl\/t\/wp-content\/uploads\/2025\/01\/IMGP3731.jpg 1050w, http:\/\/wgphoto.pl\/t\/wp-content\/uploads\/2025\/01\/IMGP3731-300x200.jpg 300w, http:\/\/wgphoto.pl\/t\/wp-content\/uploads\/2025\/01\/IMGP3731-768x512.jpg 768w\" sizes=\"auto, (max-width: 1050px) 100vw, 1050px\" \/><\/figure>\n\n\n\n<div class=\"wp-block-group has-global-padding is-layout-constrained wp-block-group-is-layout-constrained\">\n<p>Praga, przystanek Geologick\u00e1, 15T 9265. Architektura przystank\u00f3w na trasie na Barrandov jest dosy\u0107 niecodzienna. Ka\u017cdy przystanek pomalowano w inne barwy. Warto zwr\u00f3ci\u0107 uwag\u0119, \u017ce do tego kadru pasuj\u0105 wy\u0142\u0105cznie tramwaje posiadaj\u0105ce &#8222;odwr\u00f3cony&#8221; pantograf, kt\u00f3ry dzi\u0119ki temu nie przecina si\u0119 z \u017c\u00f3\u0142tymi wspornikami. \ud83d\ude09 01.04.2014<\/p>\n<\/div>\n","protected":false},"excerpt":{"rendered":"<p>Praga, przystanek Geologick\u00e1, 15T 9265. Architektura przystank\u00f3w na trasie na Barrandov jest dosy\u0107 niecodzienna. Ka\u017cdy przystanek pomalowano w inne barwy. Warto zwr\u00f3ci\u0107 uwag\u0119, \u017ce do tego kadru pasuj\u0105 wy\u0142\u0105cznie tramwaje posiadaj\u0105ce &#8222;odwr\u00f3cony&#8221; pantograf, kt\u00f3ry dzi\u0119ki temu nie przecina si\u0119 z \u017c\u00f3\u0142tymi wspornikami. \ud83d\ude09 01.04.2014<\/p>\n","protected":false},"author":1,"featured_media":10489,"comment_status":"open","ping_status":"","sticky":false,"template":"","format":"standard","meta":{"footnotes":""},"categories":[48,3],"tags":[702,49,1049,52,95],"class_list":["post-10488","post","type-post","status-publish","format-standard","has-post-thumbnail","hentry","category-rok-2014","category-tramwaj","tag-2014-04-01","tag-czechy","tag-dp-praha","tag-praga","tag-skoda-15t"],"_links":{"self":[{"href":"http:\/\/wgphoto.pl\/t\/index.php?rest_route=\/wp\/v2\/posts\/10488","targetHints":{"allow":["GET"]}}],"collection":[{"href":"http:\/\/wgphoto.pl\/t\/index.php?rest_route=\/wp\/v2\/posts"}],"about":[{"href":"http:\/\/wgphoto.pl\/t\/index.php?rest_route=\/wp\/v2\/types\/post"}],"author":[{"embeddable":true,"href":"http:\/\/wgphoto.pl\/t\/index.php?rest_route=\/wp\/v2\/users\/1"}],"replies":[{"embeddable":true,"href":"http:\/\/wgphoto.pl\/t\/index.php?rest_route=%2Fwp%2Fv2%2Fcomments&post=10488"}],"version-history":[{"count":1,"href":"http:\/\/wgphoto.pl\/t\/index.php?rest_route=\/wp\/v2\/posts\/10488\/revisions"}],"predecessor-version":[{"id":10490,"href":"http:\/\/wgphoto.pl\/t\/index.php?rest_route=\/wp\/v2\/posts\/10488\/revisions\/10490"}],"wp:featuredmedia":[{"embeddable":true,"href":"http:\/\/wgphoto.pl\/t\/index.php?rest_route=\/wp\/v2\/media\/10489"}],"wp:attachment":[{"href":"http:\/\/wgphoto.pl\/t\/index.php?rest_route=%2Fwp%2Fv2%2Fmedia&parent=10488"}],"wp:term":[{"taxonomy":"category","embeddable":true,"href":"http:\/\/wgphoto.pl\/t\/index.php?rest_route=%2Fwp%2Fv2%2Fcategories&post=10488"},{"taxonomy":"post_tag","embeddable":true,"href":"http:\/\/wgphoto.pl\/t\/index.php?rest_route=%2Fwp%2Fv2%2Ftags&post=10488"}],"curies":[{"name":"wp","href":"https:\/\/api.w.org\/{rel}","templated":true}]}}