{"id":10528,"date":"2025-01-24T17:48:51","date_gmt":"2025-01-24T16:48:51","guid":{"rendered":"https:\/\/wgphoto.pl\/t\/?p=10528"},"modified":"2025-01-24T17:50:04","modified_gmt":"2025-01-24T16:50:04","slug":"luzec-nad-vltavou-na-papierze","status":"publish","type":"post","link":"http:\/\/wgphoto.pl\/t\/?p=10528","title":{"rendered":"Lu\u017eec nad Vltavou na papierze"},"content":{"rendered":"\n<figure class=\"wp-block-image aligncenter size-full\"><img loading=\"lazy\" decoding=\"async\" width=\"700\" height=\"1046\" src=\"https:\/\/wgphoto.pl\/t\/wp-content\/uploads\/2025\/01\/IMGP4230.jpg\" alt=\"\" class=\"wp-image-10529\" srcset=\"http:\/\/wgphoto.pl\/t\/wp-content\/uploads\/2025\/01\/IMGP4230.jpg 700w, http:\/\/wgphoto.pl\/t\/wp-content\/uploads\/2025\/01\/IMGP4230-201x300.jpg 201w\" sizes=\"auto, (max-width: 700px) 100vw, 700px\" \/><\/figure>\n\n\n\n<div class=\"wp-block-group has-global-padding is-layout-constrained wp-block-group-is-layout-constrained\">\n<p>Z ofert\u0105 przewozow\u0105 prosz\u0119 si\u0119 tym razem zapozna\u0107 we w\u0142asnym zakresie. 27.09.2011<\/p>\n<\/div>\n","protected":false},"excerpt":{"rendered":"<p>Z ofert\u0105 przewozow\u0105 prosz\u0119 si\u0119 tym razem zapozna\u0107 we w\u0142asnym zakresie. 27.09.2011<\/p>\n","protected":false},"author":1,"featured_media":10529,"comment_status":"open","ping_status":"","sticky":false,"template":"","format":"standard","meta":{"footnotes":""},"categories":[220,2,77],"tags":[1230,1229,50,49,2742,94,2741],"class_list":["post-10528","post","type-post","status-publish","format-standard","has-post-thumbnail","hentry","category-blo","category-kolej","category-rok-2011","tag-2011-09-27","tag-1229","tag-cd","tag-czechy","tag-luzec-nad-vltavou","tag-na-kolejowym-koncu-swiata","tag-tab-cz094"],"_links":{"self":[{"href":"http:\/\/wgphoto.pl\/t\/index.php?rest_route=\/wp\/v2\/posts\/10528","targetHints":{"allow":["GET"]}}],"collection":[{"href":"http:\/\/wgphoto.pl\/t\/index.php?rest_route=\/wp\/v2\/posts"}],"about":[{"href":"http:\/\/wgphoto.pl\/t\/index.php?rest_route=\/wp\/v2\/types\/post"}],"author":[{"embeddable":true,"href":"http:\/\/wgphoto.pl\/t\/index.php?rest_route=\/wp\/v2\/users\/1"}],"replies":[{"embeddable":true,"href":"http:\/\/wgphoto.pl\/t\/index.php?rest_route=%2Fwp%2Fv2%2Fcomments&post=10528"}],"version-history":[{"count":1,"href":"http:\/\/wgphoto.pl\/t\/index.php?rest_route=\/wp\/v2\/posts\/10528\/revisions"}],"predecessor-version":[{"id":10530,"href":"http:\/\/wgphoto.pl\/t\/index.php?rest_route=\/wp\/v2\/posts\/10528\/revisions\/10530"}],"wp:featuredmedia":[{"embeddable":true,"href":"http:\/\/wgphoto.pl\/t\/index.php?rest_route=\/wp\/v2\/media\/10529"}],"wp:attachment":[{"href":"http:\/\/wgphoto.pl\/t\/index.php?rest_route=%2Fwp%2Fv2%2Fmedia&parent=10528"}],"wp:term":[{"taxonomy":"category","embeddable":true,"href":"http:\/\/wgphoto.pl\/t\/index.php?rest_route=%2Fwp%2Fv2%2Fcategories&post=10528"},{"taxonomy":"post_tag","embeddable":true,"href":"http:\/\/wgphoto.pl\/t\/index.php?rest_route=%2Fwp%2Fv2%2Ftags&post=10528"}],"curies":[{"name":"wp","href":"https:\/\/api.w.org\/{rel}","templated":true}]}}