{"id":10554,"date":"2025-01-25T11:40:00","date_gmt":"2025-01-25T10:40:00","guid":{"rendered":"https:\/\/wgphoto.pl\/t\/?p=10554"},"modified":"2025-01-25T11:40:00","modified_gmt":"2025-01-25T10:40:00","slug":"krzyzowanie-w-hagenwerder","status":"publish","type":"post","link":"http:\/\/wgphoto.pl\/t\/?p=10554","title":{"rendered":"Krzy\u017cowanie w Hagenwerder"},"content":{"rendered":"\n<figure class=\"wp-block-image aligncenter size-full\"><img loading=\"lazy\" decoding=\"async\" width=\"1050\" height=\"700\" src=\"https:\/\/wgphoto.pl\/t\/wp-content\/uploads\/2025\/01\/IMGP8744.jpg\" alt=\"\" class=\"wp-image-10555\" srcset=\"http:\/\/wgphoto.pl\/t\/wp-content\/uploads\/2025\/01\/IMGP8744.jpg 1050w, http:\/\/wgphoto.pl\/t\/wp-content\/uploads\/2025\/01\/IMGP8744-300x200.jpg 300w, http:\/\/wgphoto.pl\/t\/wp-content\/uploads\/2025\/01\/IMGP8744-768x512.jpg 768w\" sizes=\"auto, (max-width: 1050px) 100vw, 1050px\" \/><\/figure>\n\n\n\n<div class=\"wp-block-group has-global-padding is-layout-constrained wp-block-group-is-layout-constrained\">\n<p>C\u00f3\u017c wi\u0119cej doda\u0107? Mo\u017ce to, \u017ce dzi\u0119ki wskazaniu w rozk\u0142adzie jazdy numer\u00f3w peron\u00f3w oraz niejednoczesnemu odjazdowi obu poci\u0105g\u00f3w \u0142atwo by\u0142o przewidzie\u0107 scenariusz mijanki, tj. ustawienie poci\u0105g\u00f3w wzgl\u0119dem siebie i budynku (powy\u017cej sk\u0142ad do Zittau ju\u017c jest w ruchu). 28.11.2014<\/p>\n<\/div>\n","protected":false},"excerpt":{"rendered":"<p>C\u00f3\u017c wi\u0119cej doda\u0107? Mo\u017ce to, \u017ce dzi\u0119ki wskazaniu w rozk\u0142adzie jazdy numer\u00f3w peron\u00f3w oraz niejednoczesnemu odjazdowi obu poci\u0105g\u00f3w \u0142atwo by\u0142o przewidzie\u0107 scenariusz mijanki, tj. ustawienie poci\u0105g\u00f3w wzgl\u0119dem siebie i budynku (powy\u017cej sk\u0142ad do Zittau ju\u017c jest w ruchu). 28.11.2014<\/p>\n","protected":false},"author":1,"featured_media":10555,"comment_status":"open","ping_status":"","sticky":false,"template":"","format":"standard","meta":{"footnotes":""},"categories":[2,48],"tags":[410,256,3039,389,23,2662],"class_list":["post-10554","post","type-post","status-publish","format-standard","has-post-thumbnail","hentry","category-kolej","category-rok-2014","tag-2014-11-28","tag-desiro","tag-hagenwerder","tag-mijanka","tag-niemcy","tag-odeg"],"_links":{"self":[{"href":"http:\/\/wgphoto.pl\/t\/index.php?rest_route=\/wp\/v2\/posts\/10554","targetHints":{"allow":["GET"]}}],"collection":[{"href":"http:\/\/wgphoto.pl\/t\/index.php?rest_route=\/wp\/v2\/posts"}],"about":[{"href":"http:\/\/wgphoto.pl\/t\/index.php?rest_route=\/wp\/v2\/types\/post"}],"author":[{"embeddable":true,"href":"http:\/\/wgphoto.pl\/t\/index.php?rest_route=\/wp\/v2\/users\/1"}],"replies":[{"embeddable":true,"href":"http:\/\/wgphoto.pl\/t\/index.php?rest_route=%2Fwp%2Fv2%2Fcomments&post=10554"}],"version-history":[{"count":1,"href":"http:\/\/wgphoto.pl\/t\/index.php?rest_route=\/wp\/v2\/posts\/10554\/revisions"}],"predecessor-version":[{"id":10556,"href":"http:\/\/wgphoto.pl\/t\/index.php?rest_route=\/wp\/v2\/posts\/10554\/revisions\/10556"}],"wp:featuredmedia":[{"embeddable":true,"href":"http:\/\/wgphoto.pl\/t\/index.php?rest_route=\/wp\/v2\/media\/10555"}],"wp:attachment":[{"href":"http:\/\/wgphoto.pl\/t\/index.php?rest_route=%2Fwp%2Fv2%2Fmedia&parent=10554"}],"wp:term":[{"taxonomy":"category","embeddable":true,"href":"http:\/\/wgphoto.pl\/t\/index.php?rest_route=%2Fwp%2Fv2%2Fcategories&post=10554"},{"taxonomy":"post_tag","embeddable":true,"href":"http:\/\/wgphoto.pl\/t\/index.php?rest_route=%2Fwp%2Fv2%2Ftags&post=10554"}],"curies":[{"name":"wp","href":"https:\/\/api.w.org\/{rel}","templated":true}]}}