{"id":10557,"date":"2025-01-25T11:40:57","date_gmt":"2025-01-25T10:40:57","guid":{"rendered":"https:\/\/wgphoto.pl\/t\/?p=10557"},"modified":"2025-01-25T11:40:57","modified_gmt":"2025-01-25T10:40:57","slug":"kolej-na-trojstyku-granic","status":"publish","type":"post","link":"http:\/\/wgphoto.pl\/t\/?p=10557","title":{"rendered":"Kolej na tr\u00f3jstyku granic"},"content":{"rendered":"\n<figure class=\"wp-block-image aligncenter size-full\"><img loading=\"lazy\" decoding=\"async\" width=\"1050\" height=\"700\" src=\"https:\/\/wgphoto.pl\/t\/wp-content\/uploads\/2025\/01\/IMGP8704.jpg\" alt=\"\" class=\"wp-image-10558\" srcset=\"http:\/\/wgphoto.pl\/t\/wp-content\/uploads\/2025\/01\/IMGP8704.jpg 1050w, http:\/\/wgphoto.pl\/t\/wp-content\/uploads\/2025\/01\/IMGP8704-300x200.jpg 300w, http:\/\/wgphoto.pl\/t\/wp-content\/uploads\/2025\/01\/IMGP8704-768x512.jpg 768w\" sizes=\"auto, (max-width: 1050px) 100vw, 1050px\" \/><\/figure>\n\n\n\n<div class=\"wp-block-group has-global-padding is-layout-constrained wp-block-group-is-layout-constrained\">\n<p>Poci\u0105g osobowy 20913 relacji Rybni\u0161t\u011b &#8211; Liberec z\u0142apany na granicznym mo\u015bcie nad Nys\u0105 \u0141u\u017cyck\u0105. Pomimo \u017ce znajduje si\u0119 ju\u017c nad terytorium Polski, pokonuje odcinek nadzorowany jeszcze przez niemieckiego zarz\u0105dc\u0119 infrastruktury, lecz tu\u017c za mostem czeka go spacerowe 30 km\/h na 2,96-kilometrowym odcinku, kt\u00f3rym w\u0142adaj\u0105 Polskie Linie Kolejowe.<br>Ch\u0119tnie pokaza\u0142bym to w kolorze, ale przez t\u0119 jesienn\u0105 szarug\u0119 nie potrafi\u0119 z kolorami doj\u015b\u0107 do \u0142adu. 28.11.2014<\/p>\n<\/div>\n","protected":false},"excerpt":{"rendered":"<p>Poci\u0105g osobowy 20913 relacji Rybni\u0161t\u011b &#8211; Liberec z\u0142apany na granicznym mo\u015bcie nad Nys\u0105 \u0141u\u017cyck\u0105. Pomimo \u017ce znajduje si\u0119 ju\u017c nad terytorium Polski, pokonuje odcinek nadzorowany jeszcze przez niemieckiego zarz\u0105dc\u0119 infrastruktury, lecz tu\u017c za mostem czeka go spacerowe 30 km\/h na 2,96-kilometrowym odcinku, kt\u00f3rym w\u0142adaj\u0105 Polskie Linie Kolejowe.Ch\u0119tnie pokaza\u0142bym to w kolorze, ale przez t\u0119 jesienn\u0105 [&hellip;]<\/p>\n","protected":false},"author":1,"featured_media":10558,"comment_status":"open","ping_status":"","sticky":false,"template":"","format":"standard","meta":{"footnotes":""},"categories":[2,48],"tags":[410,256,3026,249,3040,45,23,27,2911,2663],"class_list":["post-10557","post","type-post","status-publish","format-standard","has-post-thumbnail","hentry","category-kolej","category-rok-2014","tag-2014-11-28","tag-desiro","tag-dlb","tag-goscinne-wystepy","tag-hradek-nad-nisou","tag-most","tag-niemcy","tag-polska","tag-tab-cz089","tag-zittau"],"_links":{"self":[{"href":"http:\/\/wgphoto.pl\/t\/index.php?rest_route=\/wp\/v2\/posts\/10557","targetHints":{"allow":["GET"]}}],"collection":[{"href":"http:\/\/wgphoto.pl\/t\/index.php?rest_route=\/wp\/v2\/posts"}],"about":[{"href":"http:\/\/wgphoto.pl\/t\/index.php?rest_route=\/wp\/v2\/types\/post"}],"author":[{"embeddable":true,"href":"http:\/\/wgphoto.pl\/t\/index.php?rest_route=\/wp\/v2\/users\/1"}],"replies":[{"embeddable":true,"href":"http:\/\/wgphoto.pl\/t\/index.php?rest_route=%2Fwp%2Fv2%2Fcomments&post=10557"}],"version-history":[{"count":1,"href":"http:\/\/wgphoto.pl\/t\/index.php?rest_route=\/wp\/v2\/posts\/10557\/revisions"}],"predecessor-version":[{"id":10559,"href":"http:\/\/wgphoto.pl\/t\/index.php?rest_route=\/wp\/v2\/posts\/10557\/revisions\/10559"}],"wp:featuredmedia":[{"embeddable":true,"href":"http:\/\/wgphoto.pl\/t\/index.php?rest_route=\/wp\/v2\/media\/10558"}],"wp:attachment":[{"href":"http:\/\/wgphoto.pl\/t\/index.php?rest_route=%2Fwp%2Fv2%2Fmedia&parent=10557"}],"wp:term":[{"taxonomy":"category","embeddable":true,"href":"http:\/\/wgphoto.pl\/t\/index.php?rest_route=%2Fwp%2Fv2%2Fcategories&post=10557"},{"taxonomy":"post_tag","embeddable":true,"href":"http:\/\/wgphoto.pl\/t\/index.php?rest_route=%2Fwp%2Fv2%2Ftags&post=10557"}],"curies":[{"name":"wp","href":"https:\/\/api.w.org\/{rel}","templated":true}]}}