{"id":10560,"date":"2025-01-25T11:41:58","date_gmt":"2025-01-25T10:41:58","guid":{"rendered":"https:\/\/wgphoto.pl\/t\/?p=10560"},"modified":"2025-01-25T11:41:58","modified_gmt":"2025-01-25T10:41:58","slug":"luzycki-vogtlandbahn","status":"publish","type":"post","link":"http:\/\/wgphoto.pl\/t\/?p=10560","title":{"rendered":"\u0141u\u017cycki Vogtlandbahn"},"content":{"rendered":"\n<figure class=\"wp-block-image aligncenter size-full\"><img loading=\"lazy\" decoding=\"async\" width=\"1050\" height=\"700\" src=\"https:\/\/wgphoto.pl\/t\/wp-content\/uploads\/2025\/01\/IMGP8711.jpg\" alt=\"\" class=\"wp-image-10561\" srcset=\"http:\/\/wgphoto.pl\/t\/wp-content\/uploads\/2025\/01\/IMGP8711.jpg 1050w, http:\/\/wgphoto.pl\/t\/wp-content\/uploads\/2025\/01\/IMGP8711-300x200.jpg 300w, http:\/\/wgphoto.pl\/t\/wp-content\/uploads\/2025\/01\/IMGP8711-768x512.jpg 768w\" sizes=\"auto, (max-width: 1050px) 100vw, 1050px\" \/><\/figure>\n\n\n\n<div class=\"wp-block-group has-global-padding is-layout-constrained wp-block-group-is-layout-constrained\">\n<p>Niemiecki prywaciarz obs\u0142uguj\u0105cy kurs (20912 rel. Liberec &#8211; Varnsdorf) \u0142\u0105cz\u0105cy Czechy z Czechami przez Polsk\u0119 (bez postoj\u00f3w handlowych) i Niemcy (z takimi\u017c postojami) wjecha\u0142 na mierz\u0105cy 749 metr\u00f3w most graniczny mi\u0119dzy Porajowem i \u017bytaw\u0105 (kolejowo &#8211; Hr\u00e1dkem nad Nisou i Zittau), kt\u00f3rej wie\u017ce widoczne s\u0105 w tle. 28.11.2014<\/p>\n<\/div>\n","protected":false},"excerpt":{"rendered":"<p>Niemiecki prywaciarz obs\u0142uguj\u0105cy kurs (20912 rel. Liberec &#8211; Varnsdorf) \u0142\u0105cz\u0105cy Czechy z Czechami przez Polsk\u0119 (bez postoj\u00f3w handlowych) i Niemcy (z takimi\u017c postojami) wjecha\u0142 na mierz\u0105cy 749 metr\u00f3w most graniczny mi\u0119dzy Porajowem i \u017bytaw\u0105 (kolejowo &#8211; Hr\u00e1dkem nad Nisou i Zittau), kt\u00f3rej wie\u017ce widoczne s\u0105 w tle. 28.11.2014<\/p>\n","protected":false},"author":1,"featured_media":10561,"comment_status":"open","ping_status":"","sticky":false,"template":"","format":"standard","meta":{"footnotes":""},"categories":[2,48],"tags":[410,256,3026,249,3040,45,27,2911,2663],"class_list":["post-10560","post","type-post","status-publish","format-standard","has-post-thumbnail","hentry","category-kolej","category-rok-2014","tag-2014-11-28","tag-desiro","tag-dlb","tag-goscinne-wystepy","tag-hradek-nad-nisou","tag-most","tag-polska","tag-tab-cz089","tag-zittau"],"_links":{"self":[{"href":"http:\/\/wgphoto.pl\/t\/index.php?rest_route=\/wp\/v2\/posts\/10560","targetHints":{"allow":["GET"]}}],"collection":[{"href":"http:\/\/wgphoto.pl\/t\/index.php?rest_route=\/wp\/v2\/posts"}],"about":[{"href":"http:\/\/wgphoto.pl\/t\/index.php?rest_route=\/wp\/v2\/types\/post"}],"author":[{"embeddable":true,"href":"http:\/\/wgphoto.pl\/t\/index.php?rest_route=\/wp\/v2\/users\/1"}],"replies":[{"embeddable":true,"href":"http:\/\/wgphoto.pl\/t\/index.php?rest_route=%2Fwp%2Fv2%2Fcomments&post=10560"}],"version-history":[{"count":1,"href":"http:\/\/wgphoto.pl\/t\/index.php?rest_route=\/wp\/v2\/posts\/10560\/revisions"}],"predecessor-version":[{"id":10562,"href":"http:\/\/wgphoto.pl\/t\/index.php?rest_route=\/wp\/v2\/posts\/10560\/revisions\/10562"}],"wp:featuredmedia":[{"embeddable":true,"href":"http:\/\/wgphoto.pl\/t\/index.php?rest_route=\/wp\/v2\/media\/10561"}],"wp:attachment":[{"href":"http:\/\/wgphoto.pl\/t\/index.php?rest_route=%2Fwp%2Fv2%2Fmedia&parent=10560"}],"wp:term":[{"taxonomy":"category","embeddable":true,"href":"http:\/\/wgphoto.pl\/t\/index.php?rest_route=%2Fwp%2Fv2%2Fcategories&post=10560"},{"taxonomy":"post_tag","embeddable":true,"href":"http:\/\/wgphoto.pl\/t\/index.php?rest_route=%2Fwp%2Fv2%2Ftags&post=10560"}],"curies":[{"name":"wp","href":"https:\/\/api.w.org\/{rel}","templated":true}]}}