{"id":10661,"date":"2025-01-25T22:49:15","date_gmt":"2025-01-25T21:49:15","guid":{"rendered":"https:\/\/wgphoto.pl\/t\/?p=10661"},"modified":"2026-03-01T21:05:47","modified_gmt":"2026-03-01T20:05:47","slug":"742-357-7","status":"publish","type":"post","link":"http:\/\/wgphoto.pl\/t\/?p=10661","title":{"rendered":"742 357-7"},"content":{"rendered":"\n<figure class=\"wp-block-image aligncenter size-full\"><img loading=\"lazy\" decoding=\"async\" width=\"1200\" height=\"800\" src=\"https:\/\/wgphoto.pl\/t\/wp-content\/uploads\/2025\/01\/IMGP9478-1.jpg\" alt=\"\" class=\"wp-image-10663\" srcset=\"http:\/\/wgphoto.pl\/t\/wp-content\/uploads\/2025\/01\/IMGP9478-1.jpg 1200w, http:\/\/wgphoto.pl\/t\/wp-content\/uploads\/2025\/01\/IMGP9478-1-300x200.jpg 300w, http:\/\/wgphoto.pl\/t\/wp-content\/uploads\/2025\/01\/IMGP9478-1-768x512.jpg 768w\" sizes=\"auto, (max-width: 1200px) 100vw, 1200px\" \/><\/figure>\n\n\n\n<div class=\"wp-block-group has-global-padding is-layout-constrained wp-block-group-is-layout-constrained\">\n<p>Ma\u0142y przerywnik od niemieckich tramwaj\u00f3w. Kr\u00f3tka zdawka, zestawiona z tytu\u0142owego kocoura, jednej w\u0119glarki oraz brankarda, opuszcza stacj\u0119 Kyn\u0161perk nad Oh\u0159\u00ed. 09.09.2009<\/p>\n<\/div>\n","protected":false},"excerpt":{"rendered":"<p>Ma\u0142y przerywnik od niemieckich tramwaj\u00f3w. Kr\u00f3tka zdawka, zestawiona z tytu\u0142owego kocoura, jednej w\u0119glarki oraz brankarda, opuszcza stacj\u0119 Kyn\u0161perk nad Oh\u0159\u00ed. 09.09.2009<\/p>\n","protected":false},"author":1,"featured_media":10663,"comment_status":"open","ping_status":"","sticky":false,"template":"","format":"standard","meta":{"footnotes":""},"categories":[2,169],"tags":[419,496,50,49,417,421],"class_list":["post-10661","post","type-post","status-publish","format-standard","has-post-thumbnail","hentry","category-kolej","category-rok-2009","tag-2009-09-09","tag-496","tag-cd","tag-czechy","tag-kynsperk-nad-ohri","tag-tab-cz140"],"_links":{"self":[{"href":"http:\/\/wgphoto.pl\/t\/index.php?rest_route=\/wp\/v2\/posts\/10661","targetHints":{"allow":["GET"]}}],"collection":[{"href":"http:\/\/wgphoto.pl\/t\/index.php?rest_route=\/wp\/v2\/posts"}],"about":[{"href":"http:\/\/wgphoto.pl\/t\/index.php?rest_route=\/wp\/v2\/types\/post"}],"author":[{"embeddable":true,"href":"http:\/\/wgphoto.pl\/t\/index.php?rest_route=\/wp\/v2\/users\/1"}],"replies":[{"embeddable":true,"href":"http:\/\/wgphoto.pl\/t\/index.php?rest_route=%2Fwp%2Fv2%2Fcomments&post=10661"}],"version-history":[{"count":1,"href":"http:\/\/wgphoto.pl\/t\/index.php?rest_route=\/wp\/v2\/posts\/10661\/revisions"}],"predecessor-version":[{"id":10664,"href":"http:\/\/wgphoto.pl\/t\/index.php?rest_route=\/wp\/v2\/posts\/10661\/revisions\/10664"}],"wp:featuredmedia":[{"embeddable":true,"href":"http:\/\/wgphoto.pl\/t\/index.php?rest_route=\/wp\/v2\/media\/10663"}],"wp:attachment":[{"href":"http:\/\/wgphoto.pl\/t\/index.php?rest_route=%2Fwp%2Fv2%2Fmedia&parent=10661"}],"wp:term":[{"taxonomy":"category","embeddable":true,"href":"http:\/\/wgphoto.pl\/t\/index.php?rest_route=%2Fwp%2Fv2%2Fcategories&post=10661"},{"taxonomy":"post_tag","embeddable":true,"href":"http:\/\/wgphoto.pl\/t\/index.php?rest_route=%2Fwp%2Fv2%2Ftags&post=10661"}],"curies":[{"name":"wp","href":"https:\/\/api.w.org\/{rel}","templated":true}]}}