{"id":10668,"date":"2025-01-25T22:51:36","date_gmt":"2025-01-25T21:51:36","guid":{"rendered":"https:\/\/wgphoto.pl\/t\/?p=10668"},"modified":"2025-01-25T22:51:36","modified_gmt":"2025-01-25T21:51:36","slug":"6ngt-ldz-nr-901","status":"publish","type":"post","link":"http:\/\/wgphoto.pl\/t\/?p=10668","title":{"rendered":"6NGT LDZ nr 901"},"content":{"rendered":"\n<figure class=\"wp-block-image aligncenter size-full\"><img loading=\"lazy\" decoding=\"async\" width=\"600\" height=\"900\" src=\"https:\/\/wgphoto.pl\/t\/wp-content\/uploads\/2025\/01\/IMGP9394.jpg\" alt=\"\" class=\"wp-image-10669\" srcset=\"http:\/\/wgphoto.pl\/t\/wp-content\/uploads\/2025\/01\/IMGP9394.jpg 600w, http:\/\/wgphoto.pl\/t\/wp-content\/uploads\/2025\/01\/IMGP9394-200x300.jpg 200w\" sizes=\"auto, (max-width: 600px) 100vw, 600px\" \/><\/figure>\n\n\n\n<div class=\"wp-block-group has-global-padding is-layout-constrained wp-block-group-is-layout-constrained\">\n<p>Tytu\u0142owy pojazd wspina si\u0119 po do\u015b\u0107 s\u0142usznym pochyleniu na pocz\u0105tkowym odcinku Stollberger Stra\u00dfe. Na ko\u0144cu spadku, w obr\u0119bie skrzy\u017cowania widocznego w tle, tu\u017c za wiaduktem, widoczne by\u0142y \u015blady dzwona z do\u015b\u0107 powa\u017cnym wykolejeniem &#8211; bo te\u017c i tutejsze tramwaje je\u017cd\u017c\u0105, a nie wlok\u0105 si\u0119, wi\u0119c ewentualne zdarzenia s\u0105 zapewne spektakularne. 2009-09-08<\/p>\n<\/div>\n","protected":false},"excerpt":{"rendered":"<p>Tytu\u0142owy pojazd wspina si\u0119 po do\u015b\u0107 s\u0142usznym pochyleniu na pocz\u0105tkowym odcinku Stollberger Stra\u00dfe. Na ko\u0144cu spadku, w obr\u0119bie skrzy\u017cowania widocznego w tle, tu\u017c za wiaduktem, widoczne by\u0142y \u015blady dzwona z do\u015b\u0107 powa\u017cnym wykolejeniem &#8211; bo te\u017c i tutejsze tramwaje je\u017cd\u017c\u0105, a nie wlok\u0105 si\u0119, wi\u0119c ewentualne zdarzenia s\u0105 zapewne spektakularne. 2009-09-08<\/p>\n","protected":false},"author":1,"featured_media":10669,"comment_status":"open","ping_status":"","sticky":false,"template":"","format":"standard","meta":{"footnotes":""},"categories":[128,169,3],"tags":[731,732,730,23,726],"class_list":["post-10668","post","type-post","status-publish","format-standard","has-post-thumbnail","hentry","category-pionowe","category-rok-2009","category-tramwaj","tag-2009-09-08","tag-chemnitz","tag-cvag-chemnitz","tag-niemcy","tag-variobahn"],"_links":{"self":[{"href":"http:\/\/wgphoto.pl\/t\/index.php?rest_route=\/wp\/v2\/posts\/10668","targetHints":{"allow":["GET"]}}],"collection":[{"href":"http:\/\/wgphoto.pl\/t\/index.php?rest_route=\/wp\/v2\/posts"}],"about":[{"href":"http:\/\/wgphoto.pl\/t\/index.php?rest_route=\/wp\/v2\/types\/post"}],"author":[{"embeddable":true,"href":"http:\/\/wgphoto.pl\/t\/index.php?rest_route=\/wp\/v2\/users\/1"}],"replies":[{"embeddable":true,"href":"http:\/\/wgphoto.pl\/t\/index.php?rest_route=%2Fwp%2Fv2%2Fcomments&post=10668"}],"version-history":[{"count":1,"href":"http:\/\/wgphoto.pl\/t\/index.php?rest_route=\/wp\/v2\/posts\/10668\/revisions"}],"predecessor-version":[{"id":10670,"href":"http:\/\/wgphoto.pl\/t\/index.php?rest_route=\/wp\/v2\/posts\/10668\/revisions\/10670"}],"wp:featuredmedia":[{"embeddable":true,"href":"http:\/\/wgphoto.pl\/t\/index.php?rest_route=\/wp\/v2\/media\/10669"}],"wp:attachment":[{"href":"http:\/\/wgphoto.pl\/t\/index.php?rest_route=%2Fwp%2Fv2%2Fmedia&parent=10668"}],"wp:term":[{"taxonomy":"category","embeddable":true,"href":"http:\/\/wgphoto.pl\/t\/index.php?rest_route=%2Fwp%2Fv2%2Fcategories&post=10668"},{"taxonomy":"post_tag","embeddable":true,"href":"http:\/\/wgphoto.pl\/t\/index.php?rest_route=%2Fwp%2Fv2%2Ftags&post=10668"}],"curies":[{"name":"wp","href":"https:\/\/api.w.org\/{rel}","templated":true}]}}