{"id":10677,"date":"2025-01-25T22:54:35","date_gmt":"2025-01-25T21:54:35","guid":{"rendered":"https:\/\/wgphoto.pl\/t\/?p=10677"},"modified":"2025-01-25T22:54:35","modified_gmt":"2025-01-25T21:54:35","slug":"6ngt-lde-nr-612","status":"publish","type":"post","link":"http:\/\/wgphoto.pl\/t\/?p=10677","title":{"rendered":"6NGT LDE nr 612"},"content":{"rendered":"\n<figure class=\"wp-block-image aligncenter size-full\"><img loading=\"lazy\" decoding=\"async\" width=\"1200\" height=\"800\" src=\"https:\/\/wgphoto.pl\/t\/wp-content\/uploads\/2025\/01\/IMGP9355.jpg\" alt=\"\" class=\"wp-image-10678\" srcset=\"http:\/\/wgphoto.pl\/t\/wp-content\/uploads\/2025\/01\/IMGP9355.jpg 1200w, http:\/\/wgphoto.pl\/t\/wp-content\/uploads\/2025\/01\/IMGP9355-300x200.jpg 300w, http:\/\/wgphoto.pl\/t\/wp-content\/uploads\/2025\/01\/IMGP9355-768x512.jpg 768w\" sizes=\"auto, (max-width: 1200px) 100vw, 1200px\" \/><\/figure>\n\n\n\n<div class=\"wp-block-group has-global-padding is-layout-constrained wp-block-group-is-layout-constrained\">\n<p>Chemnitz, Bahnhofstra\u00dfe, przystanek Br\u00fcckenstra\u00dfe. Co bardziej spostrzegawczy obserwatorzy by\u0107 mo\u017ce ju\u017c zauwa\u017cyli, \u017ce praktycznie co przystanek to inny model wiaty. A w tle widoczna jest wspania\u0142a zabudowa tutejszego centrum. 2009-09-08<\/p>\n<\/div>\n","protected":false},"excerpt":{"rendered":"<p>Chemnitz, Bahnhofstra\u00dfe, przystanek Br\u00fcckenstra\u00dfe. Co bardziej spostrzegawczy obserwatorzy by\u0107 mo\u017ce ju\u017c zauwa\u017cyli, \u017ce praktycznie co przystanek to inny model wiaty. A w tle widoczna jest wspania\u0142a zabudowa tutejszego centrum. 2009-09-08<\/p>\n","protected":false},"author":1,"featured_media":10678,"comment_status":"open","ping_status":"","sticky":false,"template":"","format":"standard","meta":{"footnotes":""},"categories":[169,3],"tags":[731,732,730,23,726],"class_list":["post-10677","post","type-post","status-publish","format-standard","has-post-thumbnail","hentry","category-rok-2009","category-tramwaj","tag-2009-09-08","tag-chemnitz","tag-cvag-chemnitz","tag-niemcy","tag-variobahn"],"_links":{"self":[{"href":"http:\/\/wgphoto.pl\/t\/index.php?rest_route=\/wp\/v2\/posts\/10677","targetHints":{"allow":["GET"]}}],"collection":[{"href":"http:\/\/wgphoto.pl\/t\/index.php?rest_route=\/wp\/v2\/posts"}],"about":[{"href":"http:\/\/wgphoto.pl\/t\/index.php?rest_route=\/wp\/v2\/types\/post"}],"author":[{"embeddable":true,"href":"http:\/\/wgphoto.pl\/t\/index.php?rest_route=\/wp\/v2\/users\/1"}],"replies":[{"embeddable":true,"href":"http:\/\/wgphoto.pl\/t\/index.php?rest_route=%2Fwp%2Fv2%2Fcomments&post=10677"}],"version-history":[{"count":1,"href":"http:\/\/wgphoto.pl\/t\/index.php?rest_route=\/wp\/v2\/posts\/10677\/revisions"}],"predecessor-version":[{"id":10679,"href":"http:\/\/wgphoto.pl\/t\/index.php?rest_route=\/wp\/v2\/posts\/10677\/revisions\/10679"}],"wp:featuredmedia":[{"embeddable":true,"href":"http:\/\/wgphoto.pl\/t\/index.php?rest_route=\/wp\/v2\/media\/10678"}],"wp:attachment":[{"href":"http:\/\/wgphoto.pl\/t\/index.php?rest_route=%2Fwp%2Fv2%2Fmedia&parent=10677"}],"wp:term":[{"taxonomy":"category","embeddable":true,"href":"http:\/\/wgphoto.pl\/t\/index.php?rest_route=%2Fwp%2Fv2%2Fcategories&post=10677"},{"taxonomy":"post_tag","embeddable":true,"href":"http:\/\/wgphoto.pl\/t\/index.php?rest_route=%2Fwp%2Fv2%2Ftags&post=10677"}],"curies":[{"name":"wp","href":"https:\/\/api.w.org\/{rel}","templated":true}]}}