{"id":10689,"date":"2025-01-25T22:58:43","date_gmt":"2025-01-25T21:58:43","guid":{"rendered":"https:\/\/wgphoto.pl\/t\/?p=10689"},"modified":"2025-01-25T22:58:43","modified_gmt":"2025-01-25T21:58:43","slug":"ulica-rewolucjonisty","status":"publish","type":"post","link":"http:\/\/wgphoto.pl\/t\/?p=10689","title":{"rendered":"Ulica rewolucjonisty"},"content":{"rendered":"\n<figure class=\"wp-block-image aligncenter size-full\"><img loading=\"lazy\" decoding=\"async\" width=\"1200\" height=\"800\" src=\"https:\/\/wgphoto.pl\/t\/wp-content\/uploads\/2025\/01\/IMGP9381.jpg\" alt=\"\" class=\"wp-image-10690\" srcset=\"http:\/\/wgphoto.pl\/t\/wp-content\/uploads\/2025\/01\/IMGP9381.jpg 1200w, http:\/\/wgphoto.pl\/t\/wp-content\/uploads\/2025\/01\/IMGP9381-300x200.jpg 300w, http:\/\/wgphoto.pl\/t\/wp-content\/uploads\/2025\/01\/IMGP9381-768x512.jpg 768w\" sizes=\"auto, (max-width: 1200px) 100vw, 1200px\" \/><\/figure>\n\n\n\n<div class=\"wp-block-group has-global-padding is-layout-constrained wp-block-group-is-layout-constrained\">\n<p>6NGT LDZ 907 wspina si\u0119 Wladimir-Sagorski-Stra\u00dfe na blokowisko Morgenleite. W ramach ci\u0105gu dalszego przenosin zdj\u0119\u0107 ze starej wersji www &#8211; w dzisiejszym odcinku wyst\u0105pi Chemnitz, zwane w j\u0119zyku polskim Kamienic\u0105 Sask\u0105. W tramwajowym \u015bwiecie miasto to s\u0142ynie przede wszystkim z istnienia tu do 1988 roku rozbudowanej sieci tramwaj\u00f3w poruszaj\u0105cych si\u0119 po torach o prze\u015bwicie 925 mm. Ju\u017c w 1960 otwarto jednak pierwsz\u0105 lini\u0119 o rozstawie szyn 1435 mm, z zamiarem przekucia na tor normalny wszystkich tras. Projekt, charakteryzuj\u0105cy si\u0119 mani\u0105 wielko\u015bci (wystarczy spojrze\u0107 na skrajni\u0119 przebudowanych tras oraz korzystaj\u0105ce z nich pojazdy &#8211; Tatry T3D, zamiast standardowych dla Niemiec w\u0119\u017cszych o 30 cm T4D, oraz Variobahny o szeroko\u015bci 2,65 m pozbawione na dodatek skos\u00f3w, co wymusza jeszcze wi\u0119ksz\u0105 skrajni\u0119 w \u0142ukach), upad\u0142 w latach 80-tych. Wsp\u00f3\u0142czesna siatka linii tramwajowych obejmuje zatem tylko po\u0142udniow\u0105 cz\u0119\u015b\u0107 miasta. Pomimo takiego &#8211; uzasadnionego b\u0105d\u017a nie &#8211; rozwoju sytuacji, tutejsza komunikacja zbiorowa prezentuje raczej poziom &#8222;niemiecki&#8221;, cho\u0107 tramwaje sprawiaj\u0105 wra\u017cenie jazdy op\u0142otkami &#8211; ale to chyba wina og\u00f3lnego zagospodarowania przestrzennego miasta. 2009-09-08<\/p>\n<\/div>\n","protected":false},"excerpt":{"rendered":"<p>6NGT LDZ 907 wspina si\u0119 Wladimir-Sagorski-Stra\u00dfe na blokowisko Morgenleite. W ramach ci\u0105gu dalszego przenosin zdj\u0119\u0107 ze starej wersji www &#8211; w dzisiejszym odcinku wyst\u0105pi Chemnitz, zwane w j\u0119zyku polskim Kamienic\u0105 Sask\u0105. W tramwajowym \u015bwiecie miasto to s\u0142ynie przede wszystkim z istnienia tu do 1988 roku rozbudowanej sieci tramwaj\u00f3w poruszaj\u0105cych si\u0119 po torach o prze\u015bwicie 925 [&hellip;]<\/p>\n","protected":false},"author":1,"featured_media":10690,"comment_status":"open","ping_status":"","sticky":false,"template":"","format":"standard","meta":{"footnotes":""},"categories":[169,3],"tags":[731,732,730,23,726],"class_list":["post-10689","post","type-post","status-publish","format-standard","has-post-thumbnail","hentry","category-rok-2009","category-tramwaj","tag-2009-09-08","tag-chemnitz","tag-cvag-chemnitz","tag-niemcy","tag-variobahn"],"_links":{"self":[{"href":"http:\/\/wgphoto.pl\/t\/index.php?rest_route=\/wp\/v2\/posts\/10689","targetHints":{"allow":["GET"]}}],"collection":[{"href":"http:\/\/wgphoto.pl\/t\/index.php?rest_route=\/wp\/v2\/posts"}],"about":[{"href":"http:\/\/wgphoto.pl\/t\/index.php?rest_route=\/wp\/v2\/types\/post"}],"author":[{"embeddable":true,"href":"http:\/\/wgphoto.pl\/t\/index.php?rest_route=\/wp\/v2\/users\/1"}],"replies":[{"embeddable":true,"href":"http:\/\/wgphoto.pl\/t\/index.php?rest_route=%2Fwp%2Fv2%2Fcomments&post=10689"}],"version-history":[{"count":1,"href":"http:\/\/wgphoto.pl\/t\/index.php?rest_route=\/wp\/v2\/posts\/10689\/revisions"}],"predecessor-version":[{"id":10691,"href":"http:\/\/wgphoto.pl\/t\/index.php?rest_route=\/wp\/v2\/posts\/10689\/revisions\/10691"}],"wp:featuredmedia":[{"embeddable":true,"href":"http:\/\/wgphoto.pl\/t\/index.php?rest_route=\/wp\/v2\/media\/10690"}],"wp:attachment":[{"href":"http:\/\/wgphoto.pl\/t\/index.php?rest_route=%2Fwp%2Fv2%2Fmedia&parent=10689"}],"wp:term":[{"taxonomy":"category","embeddable":true,"href":"http:\/\/wgphoto.pl\/t\/index.php?rest_route=%2Fwp%2Fv2%2Fcategories&post=10689"},{"taxonomy":"post_tag","embeddable":true,"href":"http:\/\/wgphoto.pl\/t\/index.php?rest_route=%2Fwp%2Fv2%2Ftags&post=10689"}],"curies":[{"name":"wp","href":"https:\/\/api.w.org\/{rel}","templated":true}]}}