{"id":10745,"date":"2025-01-26T17:34:11","date_gmt":"2025-01-26T16:34:11","guid":{"rendered":"https:\/\/wgphoto.pl\/t\/?p=10745"},"modified":"2025-01-26T17:39:33","modified_gmt":"2025-01-26T16:39:33","slug":"nauener-tor","status":"publish","type":"post","link":"http:\/\/wgphoto.pl\/t\/?p=10745","title":{"rendered":"Nauener Tor"},"content":{"rendered":"\n<figure class=\"wp-block-image aligncenter size-full\"><img loading=\"lazy\" decoding=\"async\" width=\"1180\" height=\"800\" src=\"https:\/\/wgphoto.pl\/t\/wp-content\/uploads\/2025\/01\/IMGP3273-1.jpg\" alt=\"\" class=\"wp-image-10746\" srcset=\"http:\/\/wgphoto.pl\/t\/wp-content\/uploads\/2025\/01\/IMGP3273-1.jpg 1180w, http:\/\/wgphoto.pl\/t\/wp-content\/uploads\/2025\/01\/IMGP3273-1-300x203.jpg 300w, http:\/\/wgphoto.pl\/t\/wp-content\/uploads\/2025\/01\/IMGP3273-1-768x521.jpg 768w\" sizes=\"auto, (max-width: 1180px) 100vw, 1180px\" \/><\/figure>\n\n\n\n<div class=\"wp-block-group has-global-padding is-layout-constrained wp-block-group-is-layout-constrained\">\n<p>Klasyczne Combino mija tytu\u0142owy obiekt &#8211; jedn\u0105 z trzech bram miejskich, wzniesion\u0105 w roku 1755. Pod bram\u0105 znajduje si\u0119 kr\u00f3tki splot. 01.05.2013<\/p>\n<\/div>\n","protected":false},"excerpt":{"rendered":"<p>Klasyczne Combino mija tytu\u0142owy obiekt &#8211; jedn\u0105 z trzech bram miejskich, wzniesion\u0105 w roku 1755. Pod bram\u0105 znajduje si\u0119 kr\u00f3tki splot. 01.05.2013<\/p>\n","protected":false},"author":1,"featured_media":10746,"comment_status":"open","ping_status":"","sticky":false,"template":"","format":"standard","meta":{"footnotes":""},"categories":[55,3],"tags":[2990,34,640,23,3048,381,1333,3047],"class_list":["post-10745","post","type-post","status-publish","format-standard","has-post-thumbnail","hentry","category-rok-2013","category-tramwaj","tag-2013-05-01","tag-architektura","tag-majowka-2013","tag-niemcy","tag-poczdam","tag-siemens-combino","tag-splot","tag-vip-potsdam"],"_links":{"self":[{"href":"http:\/\/wgphoto.pl\/t\/index.php?rest_route=\/wp\/v2\/posts\/10745","targetHints":{"allow":["GET"]}}],"collection":[{"href":"http:\/\/wgphoto.pl\/t\/index.php?rest_route=\/wp\/v2\/posts"}],"about":[{"href":"http:\/\/wgphoto.pl\/t\/index.php?rest_route=\/wp\/v2\/types\/post"}],"author":[{"embeddable":true,"href":"http:\/\/wgphoto.pl\/t\/index.php?rest_route=\/wp\/v2\/users\/1"}],"replies":[{"embeddable":true,"href":"http:\/\/wgphoto.pl\/t\/index.php?rest_route=%2Fwp%2Fv2%2Fcomments&post=10745"}],"version-history":[{"count":1,"href":"http:\/\/wgphoto.pl\/t\/index.php?rest_route=\/wp\/v2\/posts\/10745\/revisions"}],"predecessor-version":[{"id":10747,"href":"http:\/\/wgphoto.pl\/t\/index.php?rest_route=\/wp\/v2\/posts\/10745\/revisions\/10747"}],"wp:featuredmedia":[{"embeddable":true,"href":"http:\/\/wgphoto.pl\/t\/index.php?rest_route=\/wp\/v2\/media\/10746"}],"wp:attachment":[{"href":"http:\/\/wgphoto.pl\/t\/index.php?rest_route=%2Fwp%2Fv2%2Fmedia&parent=10745"}],"wp:term":[{"taxonomy":"category","embeddable":true,"href":"http:\/\/wgphoto.pl\/t\/index.php?rest_route=%2Fwp%2Fv2%2Fcategories&post=10745"},{"taxonomy":"post_tag","embeddable":true,"href":"http:\/\/wgphoto.pl\/t\/index.php?rest_route=%2Fwp%2Fv2%2Ftags&post=10745"}],"curies":[{"name":"wp","href":"https:\/\/api.w.org\/{rel}","templated":true}]}}