{"id":10869,"date":"2025-01-26T22:11:45","date_gmt":"2025-01-26T21:11:45","guid":{"rendered":"https:\/\/wgphoto.pl\/t\/?p=10869"},"modified":"2025-01-26T22:53:04","modified_gmt":"2025-01-26T21:53:04","slug":"wienerberg","status":"publish","type":"post","link":"http:\/\/wgphoto.pl\/t\/?p=10869","title":{"rendered":"Wienerberg"},"content":{"rendered":"\n<figure class=\"wp-block-image aligncenter size-full\"><img loading=\"lazy\" decoding=\"async\" width=\"1400\" height=\"927\" src=\"https:\/\/wgphoto.pl\/t\/wp-content\/uploads\/2025\/01\/IMGP2003.jpg\" alt=\"\" class=\"wp-image-10894\" srcset=\"http:\/\/wgphoto.pl\/t\/wp-content\/uploads\/2025\/01\/IMGP2003.jpg 1400w, http:\/\/wgphoto.pl\/t\/wp-content\/uploads\/2025\/01\/IMGP2003-300x199.jpg 300w, http:\/\/wgphoto.pl\/t\/wp-content\/uploads\/2025\/01\/IMGP2003-768x509.jpg 768w\" sizes=\"auto, (max-width: 1400px) 100vw, 1400px\" \/><\/figure>\n\n\n\n<div class=\"wp-block-group has-global-padding is-layout-constrained wp-block-group-is-layout-constrained\">\n<p>Wiede\u0144, Neilreichgasse. Mimo \u017ce lini\u0119 67 pozna\u0142em ju\u017c dawno, nie przypuszcza\u0142bym, \u017ce w tym rejonie miasta b\u0119d\u0105 takie wzniesienia, gdyby nie (tu by\u0142o jakie\u015b foto z twb). Po raz kolejny pope\u0142ni\u0142em wi\u0119c plagiat, ale \u017ce dni s\u0142oneczne raczej by\u0142y, a obiektyw nale\u017cy w tym miejscu skierowa\u0107 centralnie na po\u0142udnie, to wybra\u0142em zawsze atrakcyjne \u015bwiat\u0142o zmierzchu. 28.12.2013<\/p>\n<\/div>\n","protected":false},"excerpt":{"rendered":"<p>Wiede\u0144, Neilreichgasse. Mimo \u017ce lini\u0119 67 pozna\u0142em ju\u017c dawno, nie przypuszcza\u0142bym, \u017ce w tym rejonie miasta b\u0119d\u0105 takie wzniesienia, gdyby nie (tu by\u0142o jakie\u015b foto z twb). Po raz kolejny pope\u0142ni\u0142em wi\u0119c plagiat, ale \u017ce dni s\u0142oneczne raczej by\u0142y, a obiektyw nale\u017cy w tym miejscu skierowa\u0107 centralnie na po\u0142udnie, to wybra\u0142em zawsze atrakcyjne \u015bwiat\u0142o zmierzchu. [&hellip;]<\/p>\n","protected":false},"author":1,"featured_media":10894,"comment_status":"open","ping_status":"","sticky":false,"template":"","format":"standard","meta":{"footnotes":""},"categories":[55,3],"tags":[587,9,581,101,113,90,97,98],"class_list":["post-10869","post","type-post","status-publish","format-standard","has-post-thumbnail","hentry","category-rok-2013","category-tramwaj","tag-2013-12-28","tag-austria","tag-e2","tag-gt6","tag-landszaft","tag-wieczorem","tag-wieden","tag-wiener-linien"],"_links":{"self":[{"href":"http:\/\/wgphoto.pl\/t\/index.php?rest_route=\/wp\/v2\/posts\/10869","targetHints":{"allow":["GET"]}}],"collection":[{"href":"http:\/\/wgphoto.pl\/t\/index.php?rest_route=\/wp\/v2\/posts"}],"about":[{"href":"http:\/\/wgphoto.pl\/t\/index.php?rest_route=\/wp\/v2\/types\/post"}],"author":[{"embeddable":true,"href":"http:\/\/wgphoto.pl\/t\/index.php?rest_route=\/wp\/v2\/users\/1"}],"replies":[{"embeddable":true,"href":"http:\/\/wgphoto.pl\/t\/index.php?rest_route=%2Fwp%2Fv2%2Fcomments&post=10869"}],"version-history":[{"count":3,"href":"http:\/\/wgphoto.pl\/t\/index.php?rest_route=\/wp\/v2\/posts\/10869\/revisions"}],"predecessor-version":[{"id":10896,"href":"http:\/\/wgphoto.pl\/t\/index.php?rest_route=\/wp\/v2\/posts\/10869\/revisions\/10896"}],"wp:featuredmedia":[{"embeddable":true,"href":"http:\/\/wgphoto.pl\/t\/index.php?rest_route=\/wp\/v2\/media\/10894"}],"wp:attachment":[{"href":"http:\/\/wgphoto.pl\/t\/index.php?rest_route=%2Fwp%2Fv2%2Fmedia&parent=10869"}],"wp:term":[{"taxonomy":"category","embeddable":true,"href":"http:\/\/wgphoto.pl\/t\/index.php?rest_route=%2Fwp%2Fv2%2Fcategories&post=10869"},{"taxonomy":"post_tag","embeddable":true,"href":"http:\/\/wgphoto.pl\/t\/index.php?rest_route=%2Fwp%2Fv2%2Ftags&post=10869"}],"curies":[{"name":"wp","href":"https:\/\/api.w.org\/{rel}","templated":true}]}}