{"id":10899,"date":"2025-01-26T23:02:57","date_gmt":"2025-01-26T22:02:57","guid":{"rendered":"https:\/\/wgphoto.pl\/t\/?p=10899"},"modified":"2025-01-26T23:02:57","modified_gmt":"2025-01-26T22:02:57","slug":"tramwaj-do-term-juz-nie-dojezdza","status":"publish","type":"post","link":"http:\/\/wgphoto.pl\/t\/?p=10899","title":{"rendered":"Tramwaj do term ju\u017c nie doje\u017cd\u017ca"},"content":{"rendered":"\n<figure class=\"wp-block-image aligncenter size-full\"><img loading=\"lazy\" decoding=\"async\" width=\"1400\" height=\"927\" src=\"https:\/\/wgphoto.pl\/t\/wp-content\/uploads\/2025\/01\/IMGP1939.jpg\" alt=\"\" class=\"wp-image-10900\" srcset=\"http:\/\/wgphoto.pl\/t\/wp-content\/uploads\/2025\/01\/IMGP1939.jpg 1400w, http:\/\/wgphoto.pl\/t\/wp-content\/uploads\/2025\/01\/IMGP1939-300x199.jpg 300w, http:\/\/wgphoto.pl\/t\/wp-content\/uploads\/2025\/01\/IMGP1939-768x509.jpg 768w\" sizes=\"auto, (max-width: 1400px) 100vw, 1400px\" \/><\/figure>\n\n\n\n<div class=\"wp-block-group has-global-padding is-layout-constrained wp-block-group-is-layout-constrained\">\n<p>Wiede\u0144, p\u0119tla Oberlaa, kt\u00f3ra w pewnym momencie otrzyma\u0142a tak\u017ce dopisek Therme Wien. Przy banerze z tak\u0105 w\u0142a\u015bnie nazw\u0105 stoi sk\u0142ad E2+c5 4072+1472. Tramwaje kursowa\u0142y w to miejsce do 28.02.2014. Nast\u0119pnie przez trzy lata trwa\u0142y prace budowlane nad przed\u0142u\u017ceniem metra U1 &#8211; na ko\u0144cowym odcinku dok\u0142adnie w \u015bladzie tramwaju. 28.12.2013<\/p>\n<\/div>\n","protected":false},"excerpt":{"rendered":"<p>Wiede\u0144, p\u0119tla Oberlaa, kt\u00f3ra w pewnym momencie otrzyma\u0142a tak\u017ce dopisek Therme Wien. Przy banerze z tak\u0105 w\u0142a\u015bnie nazw\u0105 stoi sk\u0142ad E2+c5 4072+1472. Tramwaje kursowa\u0142y w to miejsce do 28.02.2014. Nast\u0119pnie przez trzy lata trwa\u0142y prace budowlane nad przed\u0142u\u017ceniem metra U1 &#8211; na ko\u0144cowym odcinku dok\u0142adnie w \u015bladzie tramwaju. 28.12.2013<\/p>\n","protected":false},"author":1,"featured_media":10900,"comment_status":"open","ping_status":"","sticky":false,"template":"","format":"standard","meta":{"footnotes":""},"categories":[55,3],"tags":[587,9,581,101,97,98],"class_list":["post-10899","post","type-post","status-publish","format-standard","has-post-thumbnail","hentry","category-rok-2013","category-tramwaj","tag-2013-12-28","tag-austria","tag-e2","tag-gt6","tag-wieden","tag-wiener-linien"],"_links":{"self":[{"href":"http:\/\/wgphoto.pl\/t\/index.php?rest_route=\/wp\/v2\/posts\/10899","targetHints":{"allow":["GET"]}}],"collection":[{"href":"http:\/\/wgphoto.pl\/t\/index.php?rest_route=\/wp\/v2\/posts"}],"about":[{"href":"http:\/\/wgphoto.pl\/t\/index.php?rest_route=\/wp\/v2\/types\/post"}],"author":[{"embeddable":true,"href":"http:\/\/wgphoto.pl\/t\/index.php?rest_route=\/wp\/v2\/users\/1"}],"replies":[{"embeddable":true,"href":"http:\/\/wgphoto.pl\/t\/index.php?rest_route=%2Fwp%2Fv2%2Fcomments&post=10899"}],"version-history":[{"count":1,"href":"http:\/\/wgphoto.pl\/t\/index.php?rest_route=\/wp\/v2\/posts\/10899\/revisions"}],"predecessor-version":[{"id":10901,"href":"http:\/\/wgphoto.pl\/t\/index.php?rest_route=\/wp\/v2\/posts\/10899\/revisions\/10901"}],"wp:featuredmedia":[{"embeddable":true,"href":"http:\/\/wgphoto.pl\/t\/index.php?rest_route=\/wp\/v2\/media\/10900"}],"wp:attachment":[{"href":"http:\/\/wgphoto.pl\/t\/index.php?rest_route=%2Fwp%2Fv2%2Fmedia&parent=10899"}],"wp:term":[{"taxonomy":"category","embeddable":true,"href":"http:\/\/wgphoto.pl\/t\/index.php?rest_route=%2Fwp%2Fv2%2Fcategories&post=10899"},{"taxonomy":"post_tag","embeddable":true,"href":"http:\/\/wgphoto.pl\/t\/index.php?rest_route=%2Fwp%2Fv2%2Ftags&post=10899"}],"curies":[{"name":"wp","href":"https:\/\/api.w.org\/{rel}","templated":true}]}}