{"id":10902,"date":"2025-01-27T22:06:19","date_gmt":"2025-01-27T21:06:19","guid":{"rendered":"https:\/\/wgphoto.pl\/t\/?p=10902"},"modified":"2025-01-27T22:06:19","modified_gmt":"2025-01-27T21:06:19","slug":"bardzo-wroclawski","status":"publish","type":"post","link":"http:\/\/wgphoto.pl\/t\/?p=10902","title":{"rendered":"Bardzo wroc\u0142awski"},"content":{"rendered":"\n<figure class=\"wp-block-image aligncenter size-full\"><img loading=\"lazy\" decoding=\"async\" width=\"1050\" height=\"700\" src=\"https:\/\/wgphoto.pl\/t\/wp-content\/uploads\/2025\/01\/IMGP5069.jpg\" alt=\"\" class=\"wp-image-10903\" srcset=\"http:\/\/wgphoto.pl\/t\/wp-content\/uploads\/2025\/01\/IMGP5069.jpg 1050w, http:\/\/wgphoto.pl\/t\/wp-content\/uploads\/2025\/01\/IMGP5069-300x200.jpg 300w, http:\/\/wgphoto.pl\/t\/wp-content\/uploads\/2025\/01\/IMGP5069-768x512.jpg 768w\" sizes=\"auto, (max-width: 1050px) 100vw, 1050px\" \/><\/figure>\n\n\n\n<div class=\"wp-block-group has-global-padding is-layout-constrained wp-block-group-is-layout-constrained\">\n<p>Nieco zacieniona enusia mija nieco zaro\u015bni\u0119ty o tej porze roku bardzo wroc\u0142awski motyw jad\u0105c ulic\u0105 Mickiewicza. Rzadko zdarza mi si\u0119 doda\u0107 tutaj foto godzin\u0119 od chwili wykonania. 16.06.2014<\/p>\n<\/div>\n","protected":false},"excerpt":{"rendered":"<p>Nieco zacieniona enusia mija nieco zaro\u015bni\u0119ty o tej porze roku bardzo wroc\u0142awski motyw jad\u0105c ulic\u0105 Mickiewicza. Rzadko zdarza mi si\u0119 doda\u0107 tutaj foto godzin\u0119 od chwili wykonania. 16.06.2014<\/p>\n","protected":false},"author":1,"featured_media":10903,"comment_status":"open","ping_status":"","sticky":false,"template":"","format":"standard","meta":{"footnotes":""},"categories":[48,3],"tags":[3067,34,137,397,27,41],"class_list":["post-10902","post","type-post","status-publish","format-standard","has-post-thumbnail","hentry","category-rok-2014","category-tramwaj","tag-2014-06-16","tag-architektura","tag-kstm","tag-n","tag-polska","tag-wroclaw"],"_links":{"self":[{"href":"http:\/\/wgphoto.pl\/t\/index.php?rest_route=\/wp\/v2\/posts\/10902","targetHints":{"allow":["GET"]}}],"collection":[{"href":"http:\/\/wgphoto.pl\/t\/index.php?rest_route=\/wp\/v2\/posts"}],"about":[{"href":"http:\/\/wgphoto.pl\/t\/index.php?rest_route=\/wp\/v2\/types\/post"}],"author":[{"embeddable":true,"href":"http:\/\/wgphoto.pl\/t\/index.php?rest_route=\/wp\/v2\/users\/1"}],"replies":[{"embeddable":true,"href":"http:\/\/wgphoto.pl\/t\/index.php?rest_route=%2Fwp%2Fv2%2Fcomments&post=10902"}],"version-history":[{"count":1,"href":"http:\/\/wgphoto.pl\/t\/index.php?rest_route=\/wp\/v2\/posts\/10902\/revisions"}],"predecessor-version":[{"id":10904,"href":"http:\/\/wgphoto.pl\/t\/index.php?rest_route=\/wp\/v2\/posts\/10902\/revisions\/10904"}],"wp:featuredmedia":[{"embeddable":true,"href":"http:\/\/wgphoto.pl\/t\/index.php?rest_route=\/wp\/v2\/media\/10903"}],"wp:attachment":[{"href":"http:\/\/wgphoto.pl\/t\/index.php?rest_route=%2Fwp%2Fv2%2Fmedia&parent=10902"}],"wp:term":[{"taxonomy":"category","embeddable":true,"href":"http:\/\/wgphoto.pl\/t\/index.php?rest_route=%2Fwp%2Fv2%2Fcategories&post=10902"},{"taxonomy":"post_tag","embeddable":true,"href":"http:\/\/wgphoto.pl\/t\/index.php?rest_route=%2Fwp%2Fv2%2Ftags&post=10902"}],"curies":[{"name":"wp","href":"https:\/\/api.w.org\/{rel}","templated":true}]}}