{"id":10949,"date":"2025-01-28T20:59:21","date_gmt":"2025-01-28T19:59:21","guid":{"rendered":"https:\/\/wgphoto.pl\/t\/?p=10949"},"modified":"2025-01-28T20:59:21","modified_gmt":"2025-01-28T19:59:21","slug":"modernizacyjne-korzysci","status":"publish","type":"post","link":"http:\/\/wgphoto.pl\/t\/?p=10949","title":{"rendered":"Modernizacyjne korzy\u015bci"},"content":{"rendered":"\n<figure class=\"wp-block-image aligncenter size-full\"><img loading=\"lazy\" decoding=\"async\" width=\"1200\" height=\"795\" src=\"https:\/\/wgphoto.pl\/t\/wp-content\/uploads\/2025\/01\/IMGP5436.jpg\" alt=\"\" class=\"wp-image-10950\" srcset=\"http:\/\/wgphoto.pl\/t\/wp-content\/uploads\/2025\/01\/IMGP5436.jpg 1200w, http:\/\/wgphoto.pl\/t\/wp-content\/uploads\/2025\/01\/IMGP5436-300x199.jpg 300w, http:\/\/wgphoto.pl\/t\/wp-content\/uploads\/2025\/01\/IMGP5436-768x509.jpg 768w\" sizes=\"auto, (max-width: 1200px) 100vw, 1200px\" \/><\/figure>\n\n\n\n<div class=\"wp-block-group has-global-padding is-layout-constrained wp-block-group-is-layout-constrained\">\n<p>Poci\u0105g osobowy 20211 relacji Sofia &#8211; \u0141akatnik min\u0105\u0142 stacj\u0119 Bov (bu\u0142. \u0411\u043e\u0432) i przekracza kolejny na swej trasie most nad rzek\u0105 Iskar, wzd\u0142u\u017c kt\u00f3rej wije si\u0119 linia kolejowa z Sofii do Mezdry. Sk\u0142ad korzysta na tym odcinku z wyremontowanego toru, chocia\u017c nie ma to wcale prze\u0142o\u017cenia na osi\u0105gan\u0105 pr\u0119dko\u015b\u0107 wzgl\u0119dem toru s\u0105siedniego. Ma za to prze\u0142o\u017cenie na walory fotograficzne, gdy\u017c na mo\u015bcie kratownicowym bym tu poci\u0105gu nie sfotografowa\u0142. \ud83d\ude09 2017-11-10<\/p>\n<\/div>\n","protected":false},"excerpt":{"rendered":"<p>Poci\u0105g osobowy 20211 relacji Sofia &#8211; \u0141akatnik min\u0105\u0142 stacj\u0119 Bov (bu\u0142. \u0411\u043e\u0432) i przekracza kolejny na swej trasie most nad rzek\u0105 Iskar, wzd\u0142u\u017c kt\u00f3rej wije si\u0119 linia kolejowa z Sofii do Mezdry. Sk\u0142ad korzysta na tym odcinku z wyremontowanego toru, chocia\u017c nie ma to wcale prze\u0142o\u017cenia na osi\u0105gan\u0105 pr\u0119dko\u015b\u0107 wzgl\u0119dem toru s\u0105siedniego. Ma za to [&hellip;]<\/p>\n","protected":false},"author":1,"featured_media":10950,"comment_status":"open","ping_status":"","sticky":false,"template":"","format":"standard","meta":{"footnotes":""},"categories":[2,368],"tags":[1341,1340,2343,838,126,45,73,839],"class_list":["post-10949","post","type-post","status-publish","format-standard","has-post-thumbnail","hentry","category-kolej","category-rok-2017","tag-2017-11-10","tag-bdz","tag-bov","tag-bulgaria","tag-jesien","tag-most","tag-rzeka","tag-wakacje-2017"],"_links":{"self":[{"href":"http:\/\/wgphoto.pl\/t\/index.php?rest_route=\/wp\/v2\/posts\/10949","targetHints":{"allow":["GET"]}}],"collection":[{"href":"http:\/\/wgphoto.pl\/t\/index.php?rest_route=\/wp\/v2\/posts"}],"about":[{"href":"http:\/\/wgphoto.pl\/t\/index.php?rest_route=\/wp\/v2\/types\/post"}],"author":[{"embeddable":true,"href":"http:\/\/wgphoto.pl\/t\/index.php?rest_route=\/wp\/v2\/users\/1"}],"replies":[{"embeddable":true,"href":"http:\/\/wgphoto.pl\/t\/index.php?rest_route=%2Fwp%2Fv2%2Fcomments&post=10949"}],"version-history":[{"count":1,"href":"http:\/\/wgphoto.pl\/t\/index.php?rest_route=\/wp\/v2\/posts\/10949\/revisions"}],"predecessor-version":[{"id":10951,"href":"http:\/\/wgphoto.pl\/t\/index.php?rest_route=\/wp\/v2\/posts\/10949\/revisions\/10951"}],"wp:featuredmedia":[{"embeddable":true,"href":"http:\/\/wgphoto.pl\/t\/index.php?rest_route=\/wp\/v2\/media\/10950"}],"wp:attachment":[{"href":"http:\/\/wgphoto.pl\/t\/index.php?rest_route=%2Fwp%2Fv2%2Fmedia&parent=10949"}],"wp:term":[{"taxonomy":"category","embeddable":true,"href":"http:\/\/wgphoto.pl\/t\/index.php?rest_route=%2Fwp%2Fv2%2Fcategories&post=10949"},{"taxonomy":"post_tag","embeddable":true,"href":"http:\/\/wgphoto.pl\/t\/index.php?rest_route=%2Fwp%2Fv2%2Ftags&post=10949"}],"curies":[{"name":"wp","href":"https:\/\/api.w.org\/{rel}","templated":true}]}}