{"id":10982,"date":"2025-01-28T21:10:35","date_gmt":"2025-01-28T20:10:35","guid":{"rendered":"https:\/\/wgphoto.pl\/t\/?p=10982"},"modified":"2025-01-28T21:10:35","modified_gmt":"2025-01-28T20:10:35","slug":"gdyby-przyjechal","status":"publish","type":"post","link":"http:\/\/wgphoto.pl\/t\/?p=10982","title":{"rendered":"Gdyby przyjecha\u0142"},"content":{"rendered":"\n<figure class=\"wp-block-image aligncenter size-full\"><img loading=\"lazy\" decoding=\"async\" width=\"1200\" height=\"795\" src=\"https:\/\/wgphoto.pl\/t\/wp-content\/uploads\/2025\/01\/IMGP5090.jpg\" alt=\"\" class=\"wp-image-10984\" srcset=\"http:\/\/wgphoto.pl\/t\/wp-content\/uploads\/2025\/01\/IMGP5090.jpg 1200w, http:\/\/wgphoto.pl\/t\/wp-content\/uploads\/2025\/01\/IMGP5090-300x199.jpg 300w, http:\/\/wgphoto.pl\/t\/wp-content\/uploads\/2025\/01\/IMGP5090-768x509.jpg 768w\" sizes=\"auto, (max-width: 1200px) 100vw, 1200px\" \/><\/figure>\n\n\n\n<div class=\"wp-block-group has-global-padding is-layout-constrained wp-block-group-is-layout-constrained\">\n<p>To mia\u0142o by\u0107 uj\u0119cie z odbiciem w lustrze wody. Wtedy jeszcze nie wiedzia\u0142em, \u017ce maj\u0105 tu jaki\u015b strajk, ale czekaj\u0105c p\u00f3\u0142 godziny a\u017c zjawi si\u0119 jakikolwiek tramwaj zacz\u0105\u0142em to podejrzewa\u0107. W ci\u0105gu nadprogramowego kwadransa deszcz przybiera\u0142 na sile, a\u017c odbicie znik\u0142o prawie ca\u0142kowicie. 08.11.2017<\/p>\n<\/div>\n","protected":false},"excerpt":{"rendered":"<p>To mia\u0142o by\u0107 uj\u0119cie z odbiciem w lustrze wody. Wtedy jeszcze nie wiedzia\u0142em, \u017ce maj\u0105 tu jaki\u015b strajk, ale czekaj\u0105c p\u00f3\u0142 godziny a\u017c zjawi si\u0119 jakikolwiek tramwaj zacz\u0105\u0142em to podejrzewa\u0107. W ci\u0105gu nadprogramowego kwadransa deszcz przybiera\u0142 na sile, a\u017c odbicie znik\u0142o prawie ca\u0142kowicie. 08.11.2017<\/p>\n","protected":false},"author":1,"featured_media":10984,"comment_status":"open","ping_status":"","sticky":false,"template":"","format":"standard","meta":{"footnotes":""},"categories":[4,368,3],"tags":[2643,695,814,812,13,73,813,839],"class_list":["post-10982","post","type-post","status-publish","format-standard","has-post-thumbnail","hentry","category-metro","category-rok-2017","category-tramwaj","tag-2017-11-08","tag-belgia","tag-bn-lrv","tag-charleroi","tag-deszcz","tag-rzeka","tag-tec-charleroi","tag-wakacje-2017"],"_links":{"self":[{"href":"http:\/\/wgphoto.pl\/t\/index.php?rest_route=\/wp\/v2\/posts\/10982","targetHints":{"allow":["GET"]}}],"collection":[{"href":"http:\/\/wgphoto.pl\/t\/index.php?rest_route=\/wp\/v2\/posts"}],"about":[{"href":"http:\/\/wgphoto.pl\/t\/index.php?rest_route=\/wp\/v2\/types\/post"}],"author":[{"embeddable":true,"href":"http:\/\/wgphoto.pl\/t\/index.php?rest_route=\/wp\/v2\/users\/1"}],"replies":[{"embeddable":true,"href":"http:\/\/wgphoto.pl\/t\/index.php?rest_route=%2Fwp%2Fv2%2Fcomments&post=10982"}],"version-history":[{"count":1,"href":"http:\/\/wgphoto.pl\/t\/index.php?rest_route=\/wp\/v2\/posts\/10982\/revisions"}],"predecessor-version":[{"id":10985,"href":"http:\/\/wgphoto.pl\/t\/index.php?rest_route=\/wp\/v2\/posts\/10982\/revisions\/10985"}],"wp:featuredmedia":[{"embeddable":true,"href":"http:\/\/wgphoto.pl\/t\/index.php?rest_route=\/wp\/v2\/media\/10984"}],"wp:attachment":[{"href":"http:\/\/wgphoto.pl\/t\/index.php?rest_route=%2Fwp%2Fv2%2Fmedia&parent=10982"}],"wp:term":[{"taxonomy":"category","embeddable":true,"href":"http:\/\/wgphoto.pl\/t\/index.php?rest_route=%2Fwp%2Fv2%2Fcategories&post=10982"},{"taxonomy":"post_tag","embeddable":true,"href":"http:\/\/wgphoto.pl\/t\/index.php?rest_route=%2Fwp%2Fv2%2Ftags&post=10982"}],"curies":[{"name":"wp","href":"https:\/\/api.w.org\/{rel}","templated":true}]}}