{"id":10995,"date":"2025-01-28T21:14:49","date_gmt":"2025-01-28T20:14:49","guid":{"rendered":"https:\/\/wgphoto.pl\/t\/?p=10995"},"modified":"2025-01-28T21:15:05","modified_gmt":"2025-01-28T20:15:05","slug":"nocne-zycie-4","status":"publish","type":"post","link":"http:\/\/wgphoto.pl\/t\/?p=10995","title":{"rendered":"Nocne \u017cycie"},"content":{"rendered":"\n<figure class=\"wp-block-image aligncenter size-full\"><img loading=\"lazy\" decoding=\"async\" width=\"1200\" height=\"795\" src=\"https:\/\/wgphoto.pl\/t\/wp-content\/uploads\/2025\/01\/IMGP4398.jpg\" alt=\"\" class=\"wp-image-10996\" srcset=\"http:\/\/wgphoto.pl\/t\/wp-content\/uploads\/2025\/01\/IMGP4398.jpg 1200w, http:\/\/wgphoto.pl\/t\/wp-content\/uploads\/2025\/01\/IMGP4398-300x199.jpg 300w, http:\/\/wgphoto.pl\/t\/wp-content\/uploads\/2025\/01\/IMGP4398-768x509.jpg 768w\" sizes=\"auto, (max-width: 1200px) 100vw, 1200px\" \/><\/figure>\n\n\n\n<div class=\"wp-block-group has-global-padding is-layout-constrained wp-block-group-is-layout-constrained\">\n<p>Dzi\u015b kr\u00f3tka seria z wieczornego, nieco deszczowego Mediolanu. Lekki deszcz albo tu\u017c po nim &#8211; to idealne warunki na nocn\u0105 sesj\u0119, gdy mokre ulice i chodniki odbijaj\u0105 \u015bwiat\u0142a miasta, a jednocze\u015bnie krople nie zalewaj\u0105 obiektywu. 21.10.2017<\/p>\n<\/div>\n","protected":false},"excerpt":{"rendered":"<p>Dzi\u015b kr\u00f3tka seria z wieczornego, nieco deszczowego Mediolanu. Lekki deszcz albo tu\u017c po nim &#8211; to idealne warunki na nocn\u0105 sesj\u0119, gdy mokre ulice i chodniki odbijaj\u0105 \u015bwiat\u0142a miasta, a jednocze\u015bnie krople nie zalewaj\u0105 obiektywu. 21.10.2017<\/p>\n","protected":false},"author":1,"featured_media":10996,"comment_status":"open","ping_status":"","sticky":false,"template":"","format":"standard","meta":{"footnotes":""},"categories":[368,3],"tags":[1438,834,13,835,832,154,831,110],"class_list":["post-10995","post","type-post","status-publish","format-standard","has-post-thumbnail","hentry","category-rok-2017","category-tramwaj","tag-2017-10-21","tag-atm-milano","tag-deszcz","tag-mediolan","tag-mediolan-2017","tag-noc","tag-sirio","tag-wlochy"],"_links":{"self":[{"href":"http:\/\/wgphoto.pl\/t\/index.php?rest_route=\/wp\/v2\/posts\/10995","targetHints":{"allow":["GET"]}}],"collection":[{"href":"http:\/\/wgphoto.pl\/t\/index.php?rest_route=\/wp\/v2\/posts"}],"about":[{"href":"http:\/\/wgphoto.pl\/t\/index.php?rest_route=\/wp\/v2\/types\/post"}],"author":[{"embeddable":true,"href":"http:\/\/wgphoto.pl\/t\/index.php?rest_route=\/wp\/v2\/users\/1"}],"replies":[{"embeddable":true,"href":"http:\/\/wgphoto.pl\/t\/index.php?rest_route=%2Fwp%2Fv2%2Fcomments&post=10995"}],"version-history":[{"count":1,"href":"http:\/\/wgphoto.pl\/t\/index.php?rest_route=\/wp\/v2\/posts\/10995\/revisions"}],"predecessor-version":[{"id":10997,"href":"http:\/\/wgphoto.pl\/t\/index.php?rest_route=\/wp\/v2\/posts\/10995\/revisions\/10997"}],"wp:featuredmedia":[{"embeddable":true,"href":"http:\/\/wgphoto.pl\/t\/index.php?rest_route=\/wp\/v2\/media\/10996"}],"wp:attachment":[{"href":"http:\/\/wgphoto.pl\/t\/index.php?rest_route=%2Fwp%2Fv2%2Fmedia&parent=10995"}],"wp:term":[{"taxonomy":"category","embeddable":true,"href":"http:\/\/wgphoto.pl\/t\/index.php?rest_route=%2Fwp%2Fv2%2Fcategories&post=10995"},{"taxonomy":"post_tag","embeddable":true,"href":"http:\/\/wgphoto.pl\/t\/index.php?rest_route=%2Fwp%2Fv2%2Ftags&post=10995"}],"curies":[{"name":"wp","href":"https:\/\/api.w.org\/{rel}","templated":true}]}}