{"id":10998,"date":"2025-01-28T21:16:01","date_gmt":"2025-01-28T20:16:01","guid":{"rendered":"https:\/\/wgphoto.pl\/t\/?p=10998"},"modified":"2025-01-28T21:16:01","modified_gmt":"2025-01-28T20:16:01","slug":"krzywonos","status":"publish","type":"post","link":"http:\/\/wgphoto.pl\/t\/?p=10998","title":{"rendered":"Krzywonos"},"content":{"rendered":"\n<figure class=\"wp-block-image aligncenter size-full\"><img loading=\"lazy\" decoding=\"async\" width=\"1200\" height=\"795\" src=\"https:\/\/wgphoto.pl\/t\/wp-content\/uploads\/2025\/01\/IMGP4402.jpg\" alt=\"\" class=\"wp-image-10999\" srcset=\"http:\/\/wgphoto.pl\/t\/wp-content\/uploads\/2025\/01\/IMGP4402.jpg 1200w, http:\/\/wgphoto.pl\/t\/wp-content\/uploads\/2025\/01\/IMGP4402-300x199.jpg 300w, http:\/\/wgphoto.pl\/t\/wp-content\/uploads\/2025\/01\/IMGP4402-768x509.jpg 768w\" sizes=\"auto, (max-width: 1200px) 100vw, 1200px\" \/><\/figure>\n\n\n\n<div class=\"wp-block-group has-global-padding is-layout-constrained wp-block-group-is-layout-constrained\">\n<p>Mediolan, Via Torino. Krzywonosy przegub w deszczu. Zupe\u0142nym przypadkiem jest, \u017ce na ka\u017cde z czterech zdj\u0119\u0107 za\u0142apa\u0142 si\u0119 pojazd innego typu &#8211; wcale o to nie dba\u0142em fotografuj\u0105c to co przyjedzie. 21.10.2017<\/p>\n<\/div>\n","protected":false},"excerpt":{"rendered":"<p>Mediolan, Via Torino. Krzywonosy przegub w deszczu. Zupe\u0142nym przypadkiem jest, \u017ce na ka\u017cde z czterech zdj\u0119\u0107 za\u0142apa\u0142 si\u0119 pojazd innego typu &#8211; wcale o to nie dba\u0142em fotografuj\u0105c to co przyjedzie. 21.10.2017<\/p>\n","protected":false},"author":1,"featured_media":10999,"comment_status":"open","ping_status":"","sticky":false,"template":"","format":"standard","meta":{"footnotes":""},"categories":[368,3],"tags":[1438,834,833,835,832,154,110],"class_list":["post-10998","post","type-post","status-publish","format-standard","has-post-thumbnail","hentry","category-rok-2017","category-tramwaj","tag-2017-10-21","tag-atm-milano","tag-fiat-m8","tag-mediolan","tag-mediolan-2017","tag-noc","tag-wlochy"],"_links":{"self":[{"href":"http:\/\/wgphoto.pl\/t\/index.php?rest_route=\/wp\/v2\/posts\/10998","targetHints":{"allow":["GET"]}}],"collection":[{"href":"http:\/\/wgphoto.pl\/t\/index.php?rest_route=\/wp\/v2\/posts"}],"about":[{"href":"http:\/\/wgphoto.pl\/t\/index.php?rest_route=\/wp\/v2\/types\/post"}],"author":[{"embeddable":true,"href":"http:\/\/wgphoto.pl\/t\/index.php?rest_route=\/wp\/v2\/users\/1"}],"replies":[{"embeddable":true,"href":"http:\/\/wgphoto.pl\/t\/index.php?rest_route=%2Fwp%2Fv2%2Fcomments&post=10998"}],"version-history":[{"count":1,"href":"http:\/\/wgphoto.pl\/t\/index.php?rest_route=\/wp\/v2\/posts\/10998\/revisions"}],"predecessor-version":[{"id":11000,"href":"http:\/\/wgphoto.pl\/t\/index.php?rest_route=\/wp\/v2\/posts\/10998\/revisions\/11000"}],"wp:featuredmedia":[{"embeddable":true,"href":"http:\/\/wgphoto.pl\/t\/index.php?rest_route=\/wp\/v2\/media\/10999"}],"wp:attachment":[{"href":"http:\/\/wgphoto.pl\/t\/index.php?rest_route=%2Fwp%2Fv2%2Fmedia&parent=10998"}],"wp:term":[{"taxonomy":"category","embeddable":true,"href":"http:\/\/wgphoto.pl\/t\/index.php?rest_route=%2Fwp%2Fv2%2Fcategories&post=10998"},{"taxonomy":"post_tag","embeddable":true,"href":"http:\/\/wgphoto.pl\/t\/index.php?rest_route=%2Fwp%2Fv2%2Ftags&post=10998"}],"curies":[{"name":"wp","href":"https:\/\/api.w.org\/{rel}","templated":true}]}}