{"id":11017,"date":"2025-01-28T21:24:02","date_gmt":"2025-01-28T20:24:02","guid":{"rendered":"https:\/\/wgphoto.pl\/t\/?p=11017"},"modified":"2025-01-28T21:24:02","modified_gmt":"2025-01-28T20:24:02","slug":"trojaczki-2","status":"publish","type":"post","link":"http:\/\/wgphoto.pl\/t\/?p=11017","title":{"rendered":"Trojaczki"},"content":{"rendered":"\n<figure class=\"wp-block-image aligncenter size-full\"><img loading=\"lazy\" decoding=\"async\" width=\"1200\" height=\"795\" src=\"https:\/\/wgphoto.pl\/t\/wp-content\/uploads\/2025\/01\/IMGP2608.jpg\" alt=\"\" class=\"wp-image-11018\" srcset=\"http:\/\/wgphoto.pl\/t\/wp-content\/uploads\/2025\/01\/IMGP2608.jpg 1200w, http:\/\/wgphoto.pl\/t\/wp-content\/uploads\/2025\/01\/IMGP2608-300x199.jpg 300w, http:\/\/wgphoto.pl\/t\/wp-content\/uploads\/2025\/01\/IMGP2608-768x509.jpg 768w\" sizes=\"auto, (max-width: 1200px) 100vw, 1200px\" \/><\/figure>\n\n\n\n<div class=\"wp-block-group has-global-padding is-layout-constrained wp-block-group-is-layout-constrained\">\n<p>Trzy Tatry, z czego dwie spi\u0119te w sk\u0142ad i nieco zmutowane, spotka\u0142y si\u0119 idealnie &#8222;na motywie&#8221; pod dworcem g\u0142\u00f3wnym w O\u0142omu\u0144cu. Ale\u017c by\u0142em w\u015bciek\u0142y, \u017ce sk\u0142ad wjecha\u0142 mi w kadr, w kt\u00f3rym chcia\u0142em mie\u0107 tylko sol\u00f3weczk\u0119! Po fakcie stwierdzi\u0142em jednak, \u017ce pojazdy u\u0142o\u017cy\u0142y si\u0119 idealnie, jak trojaczki pozuj\u0105ce do wsp\u00f3lnego zdj\u0119cia. \ud83d\ude09 2017-08-14<\/p>\n<\/div>\n","protected":false},"excerpt":{"rendered":"<p>Trzy Tatry, z czego dwie spi\u0119te w sk\u0142ad i nieco zmutowane, spotka\u0142y si\u0119 idealnie &#8222;na motywie&#8221; pod dworcem g\u0142\u00f3wnym w O\u0142omu\u0144cu. Ale\u017c by\u0142em w\u015bciek\u0142y, \u017ce sk\u0142ad wjecha\u0142 mi w kadr, w kt\u00f3rym chcia\u0142em mie\u0107 tylko sol\u00f3weczk\u0119! Po fakcie stwierdzi\u0142em jednak, \u017ce pojazdy u\u0142o\u017cy\u0142y si\u0119 idealnie, jak trojaczki pozuj\u0105ce do wsp\u00f3lnego zdj\u0119cia. \ud83d\ude09 2017-08-14<\/p>\n","protected":false},"author":1,"featured_media":11018,"comment_status":"open","ping_status":"","sticky":false,"template":"","format":"standard","meta":{"footnotes":""},"categories":[368,3],"tags":[900,34,49,1013,389,1012,380,1011,1243,90],"class_list":["post-11017","post","type-post","status-publish","format-standard","has-post-thumbnail","hentry","category-rok-2017","category-tramwaj","tag-2017-08-14","tag-architektura","tag-czechy","tag-dpmo-olomouc","tag-mijanka","tag-olomuniec","tag-spod-dworca","tag-tatra-t3","tag-vario-lf","tag-wieczorem"],"_links":{"self":[{"href":"http:\/\/wgphoto.pl\/t\/index.php?rest_route=\/wp\/v2\/posts\/11017","targetHints":{"allow":["GET"]}}],"collection":[{"href":"http:\/\/wgphoto.pl\/t\/index.php?rest_route=\/wp\/v2\/posts"}],"about":[{"href":"http:\/\/wgphoto.pl\/t\/index.php?rest_route=\/wp\/v2\/types\/post"}],"author":[{"embeddable":true,"href":"http:\/\/wgphoto.pl\/t\/index.php?rest_route=\/wp\/v2\/users\/1"}],"replies":[{"embeddable":true,"href":"http:\/\/wgphoto.pl\/t\/index.php?rest_route=%2Fwp%2Fv2%2Fcomments&post=11017"}],"version-history":[{"count":1,"href":"http:\/\/wgphoto.pl\/t\/index.php?rest_route=\/wp\/v2\/posts\/11017\/revisions"}],"predecessor-version":[{"id":11019,"href":"http:\/\/wgphoto.pl\/t\/index.php?rest_route=\/wp\/v2\/posts\/11017\/revisions\/11019"}],"wp:featuredmedia":[{"embeddable":true,"href":"http:\/\/wgphoto.pl\/t\/index.php?rest_route=\/wp\/v2\/media\/11018"}],"wp:attachment":[{"href":"http:\/\/wgphoto.pl\/t\/index.php?rest_route=%2Fwp%2Fv2%2Fmedia&parent=11017"}],"wp:term":[{"taxonomy":"category","embeddable":true,"href":"http:\/\/wgphoto.pl\/t\/index.php?rest_route=%2Fwp%2Fv2%2Fcategories&post=11017"},{"taxonomy":"post_tag","embeddable":true,"href":"http:\/\/wgphoto.pl\/t\/index.php?rest_route=%2Fwp%2Fv2%2Ftags&post=11017"}],"curies":[{"name":"wp","href":"https:\/\/api.w.org\/{rel}","templated":true}]}}