{"id":11023,"date":"2025-01-29T18:24:59","date_gmt":"2025-01-29T17:24:59","guid":{"rendered":"https:\/\/wgphoto.pl\/t\/?p=11023"},"modified":"2025-08-07T18:52:45","modified_gmt":"2025-08-07T16:52:45","slug":"viseu-de-jos-mokre-od-deszczu","status":"publish","type":"post","link":"http:\/\/wgphoto.pl\/t\/?p=11023","title":{"rendered":"Vi\u015feu de Jos mokre od deszczu"},"content":{"rendered":"\n<figure class=\"wp-block-image aligncenter size-full\"><img loading=\"lazy\" decoding=\"async\" width=\"1400\" height=\"927\" src=\"https:\/\/wgphoto.pl\/t\/wp-content\/uploads\/2025\/01\/IMGP7123.jpg\" alt=\"\" class=\"wp-image-11024\" srcset=\"http:\/\/wgphoto.pl\/t\/wp-content\/uploads\/2025\/01\/IMGP7123.jpg 1400w, http:\/\/wgphoto.pl\/t\/wp-content\/uploads\/2025\/01\/IMGP7123-300x199.jpg 300w, http:\/\/wgphoto.pl\/t\/wp-content\/uploads\/2025\/01\/IMGP7123-768x509.jpg 768w\" sizes=\"auto, (max-width: 1400px) 100vw, 1400px\" \/><\/figure>\n\n\n\n<div class=\"wp-block-group has-global-padding is-layout-constrained wp-block-group-is-layout-constrained\">\n<p>62.1196 z poci\u0105giem R4654 relacji Sighetu Marma\u0163iei &#8211; Vi\u015feu de Jos wje\u017cd\u017ca na stacj\u0119 docelow\u0105 po jednej ulewie, a przed kolejn\u0105. 20.05.2024<\/p>\n<\/div>\n","protected":false},"excerpt":{"rendered":"<p>62.1196 z poci\u0105giem R4654 relacji Sighetu Marma\u0163iei &#8211; Vi\u015feu de Jos wje\u017cd\u017ca na stacj\u0119 docelow\u0105 po jednej ulewie, a przed kolejn\u0105. 20.05.2024<\/p>\n","protected":false},"author":1,"featured_media":11024,"comment_status":"open","ping_status":"","sticky":false,"template":"","format":"standard","meta":{"footnotes":""},"categories":[2,5],"tags":[1300,3071,958,13,1248,114,113,574,53,3072],"class_list":["post-11023","post","type-post","status-publish","format-standard","has-post-thumbnail","hentry","category-kolej","category-2024r","tag-2024-05-20","tag-3071","tag-cfr","tag-deszcz","tag-druga-majowka-2024","tag-gory","tag-landszaft","tag-rumunia","tag-sygnalizacja-ksztaltowa","tag-viseu-de-jos"],"_links":{"self":[{"href":"http:\/\/wgphoto.pl\/t\/index.php?rest_route=\/wp\/v2\/posts\/11023","targetHints":{"allow":["GET"]}}],"collection":[{"href":"http:\/\/wgphoto.pl\/t\/index.php?rest_route=\/wp\/v2\/posts"}],"about":[{"href":"http:\/\/wgphoto.pl\/t\/index.php?rest_route=\/wp\/v2\/types\/post"}],"author":[{"embeddable":true,"href":"http:\/\/wgphoto.pl\/t\/index.php?rest_route=\/wp\/v2\/users\/1"}],"replies":[{"embeddable":true,"href":"http:\/\/wgphoto.pl\/t\/index.php?rest_route=%2Fwp%2Fv2%2Fcomments&post=11023"}],"version-history":[{"count":1,"href":"http:\/\/wgphoto.pl\/t\/index.php?rest_route=\/wp\/v2\/posts\/11023\/revisions"}],"predecessor-version":[{"id":11025,"href":"http:\/\/wgphoto.pl\/t\/index.php?rest_route=\/wp\/v2\/posts\/11023\/revisions\/11025"}],"wp:featuredmedia":[{"embeddable":true,"href":"http:\/\/wgphoto.pl\/t\/index.php?rest_route=\/wp\/v2\/media\/11024"}],"wp:attachment":[{"href":"http:\/\/wgphoto.pl\/t\/index.php?rest_route=%2Fwp%2Fv2%2Fmedia&parent=11023"}],"wp:term":[{"taxonomy":"category","embeddable":true,"href":"http:\/\/wgphoto.pl\/t\/index.php?rest_route=%2Fwp%2Fv2%2Fcategories&post=11023"},{"taxonomy":"post_tag","embeddable":true,"href":"http:\/\/wgphoto.pl\/t\/index.php?rest_route=%2Fwp%2Fv2%2Ftags&post=11023"}],"curies":[{"name":"wp","href":"https:\/\/api.w.org\/{rel}","templated":true}]}}