{"id":11081,"date":"2025-01-31T21:05:23","date_gmt":"2025-01-31T20:05:23","guid":{"rendered":"https:\/\/wgphoto.pl\/t\/?p=11081"},"modified":"2025-01-31T21:05:23","modified_gmt":"2025-01-31T20:05:23","slug":"rzadki-widok","status":"publish","type":"post","link":"http:\/\/wgphoto.pl\/t\/?p=11081","title":{"rendered":"Rzadki widok"},"content":{"rendered":"\n<figure class=\"wp-block-image aligncenter size-full\"><img loading=\"lazy\" decoding=\"async\" width=\"1050\" height=\"591\" src=\"https:\/\/wgphoto.pl\/t\/wp-content\/uploads\/2025\/01\/0430-12.jpg\" alt=\"\" class=\"wp-image-11082\" srcset=\"http:\/\/wgphoto.pl\/t\/wp-content\/uploads\/2025\/01\/0430-12.jpg 1050w, http:\/\/wgphoto.pl\/t\/wp-content\/uploads\/2025\/01\/0430-12-300x169.jpg 300w, http:\/\/wgphoto.pl\/t\/wp-content\/uploads\/2025\/01\/0430-12-768x432.jpg 768w\" sizes=\"auto, (max-width: 1050px) 100vw, 1050px\" \/><\/figure>\n\n\n\n<div class=\"wp-block-group has-global-padding is-layout-constrained wp-block-group-is-layout-constrained\">\n<p>Zdawka z Leszna z SM31-088 na czele wje\u017cd\u017ca na stacj\u0119 we Wschowie. By\u0107 mo\u017ce w niekt\u00f3rych rejonach kraju SM31 obs\u0142uguj\u0105ce takie poci\u0105gi by\u0142y widokiem powszechnym, jednak dla mnie by\u0142o to co\u015b niecodziennego. 02.11.2004<\/p>\n<\/div>\n","protected":false},"excerpt":{"rendered":"<p>Zdawka z Leszna z SM31-088 na czele wje\u017cd\u017ca na stacj\u0119 we Wschowie. By\u0107 mo\u017ce w niekt\u00f3rych rejonach kraju SM31 obs\u0142uguj\u0105ce takie poci\u0105gi by\u0142y widokiem powszechnym, jednak dla mnie by\u0142o to co\u015b niecodziennego. 02.11.2004<\/p>\n","protected":false},"author":1,"featured_media":11082,"comment_status":"open","ping_status":"","sticky":false,"template":"","format":"standard","meta":{"footnotes":""},"categories":[62,2,61],"tags":[3079,63,27,266,53,515,2383],"class_list":["post-11081","post","type-post","status-publish","format-standard","has-post-thumbnail","hentry","category-analog","category-kolej","category-rok-2004","tag-2004-11-02","tag-pkp","tag-polska","tag-sm31","tag-sygnalizacja-ksztaltowa","tag-tab-pl350","tag-wschowa"],"_links":{"self":[{"href":"http:\/\/wgphoto.pl\/t\/index.php?rest_route=\/wp\/v2\/posts\/11081","targetHints":{"allow":["GET"]}}],"collection":[{"href":"http:\/\/wgphoto.pl\/t\/index.php?rest_route=\/wp\/v2\/posts"}],"about":[{"href":"http:\/\/wgphoto.pl\/t\/index.php?rest_route=\/wp\/v2\/types\/post"}],"author":[{"embeddable":true,"href":"http:\/\/wgphoto.pl\/t\/index.php?rest_route=\/wp\/v2\/users\/1"}],"replies":[{"embeddable":true,"href":"http:\/\/wgphoto.pl\/t\/index.php?rest_route=%2Fwp%2Fv2%2Fcomments&post=11081"}],"version-history":[{"count":1,"href":"http:\/\/wgphoto.pl\/t\/index.php?rest_route=\/wp\/v2\/posts\/11081\/revisions"}],"predecessor-version":[{"id":11083,"href":"http:\/\/wgphoto.pl\/t\/index.php?rest_route=\/wp\/v2\/posts\/11081\/revisions\/11083"}],"wp:featuredmedia":[{"embeddable":true,"href":"http:\/\/wgphoto.pl\/t\/index.php?rest_route=\/wp\/v2\/media\/11082"}],"wp:attachment":[{"href":"http:\/\/wgphoto.pl\/t\/index.php?rest_route=%2Fwp%2Fv2%2Fmedia&parent=11081"}],"wp:term":[{"taxonomy":"category","embeddable":true,"href":"http:\/\/wgphoto.pl\/t\/index.php?rest_route=%2Fwp%2Fv2%2Fcategories&post=11081"},{"taxonomy":"post_tag","embeddable":true,"href":"http:\/\/wgphoto.pl\/t\/index.php?rest_route=%2Fwp%2Fv2%2Ftags&post=11081"}],"curies":[{"name":"wp","href":"https:\/\/api.w.org\/{rel}","templated":true}]}}