{"id":11084,"date":"2025-01-31T21:06:13","date_gmt":"2025-01-31T20:06:13","guid":{"rendered":"https:\/\/wgphoto.pl\/t\/?p=11084"},"modified":"2025-01-31T21:06:13","modified_gmt":"2025-01-31T20:06:13","slug":"swiezo-odwieszone","status":"publish","type":"post","link":"http:\/\/wgphoto.pl\/t\/?p=11084","title":{"rendered":"\u015awie\u017co odwieszone"},"content":{"rendered":"\n<figure class=\"wp-block-image aligncenter size-full\"><img loading=\"lazy\" decoding=\"async\" width=\"1050\" height=\"700\" src=\"https:\/\/wgphoto.pl\/t\/wp-content\/uploads\/2025\/01\/0505-19.jpg\" alt=\"\" class=\"wp-image-11085\" srcset=\"http:\/\/wgphoto.pl\/t\/wp-content\/uploads\/2025\/01\/0505-19.jpg 1050w, http:\/\/wgphoto.pl\/t\/wp-content\/uploads\/2025\/01\/0505-19-300x200.jpg 300w, http:\/\/wgphoto.pl\/t\/wp-content\/uploads\/2025\/01\/0505-19-768x512.jpg 768w\" sizes=\"auto, (max-width: 1050px) 100vw, 1050px\" \/><\/figure>\n\n\n\n<div class=\"wp-block-group has-global-padding is-layout-constrained wp-block-group-is-layout-constrained\">\n<p>SU46-008 z jedn\u0105 bonanz\u0105 jako poci\u0105g 66331 z Nysy do Brzegu podczas kr\u00f3tkiego postoju w Olszance. To by\u0142o chyba nied\u0142ugo po wznowieniu przewoz\u00f3w pasa\u017cerskich na tej trasie. 24.03.2005<\/p>\n<\/div>\n","protected":false},"excerpt":{"rendered":"<p>SU46-008 z jedn\u0105 bonanz\u0105 jako poci\u0105g 66331 z Nysy do Brzegu podczas kr\u00f3tkiego postoju w Olszance. To by\u0142o chyba nied\u0142ugo po wznowieniu przewoz\u00f3w pasa\u017cerskich na tej trasie. 24.03.2005<\/p>\n","protected":false},"author":1,"featured_media":11085,"comment_status":"open","ping_status":"","sticky":false,"template":"","format":"standard","meta":{"footnotes":""},"categories":[62,2,311],"tags":[315,3080,63,27,84,706],"class_list":["post-11084","post","type-post","status-publish","format-standard","has-post-thumbnail","hentry","category-analog","category-kolej","category-rok-2005","tag-2005-03-24","tag-olszanka","tag-pkp","tag-polska","tag-su46","tag-tab-pl246"],"_links":{"self":[{"href":"http:\/\/wgphoto.pl\/t\/index.php?rest_route=\/wp\/v2\/posts\/11084","targetHints":{"allow":["GET"]}}],"collection":[{"href":"http:\/\/wgphoto.pl\/t\/index.php?rest_route=\/wp\/v2\/posts"}],"about":[{"href":"http:\/\/wgphoto.pl\/t\/index.php?rest_route=\/wp\/v2\/types\/post"}],"author":[{"embeddable":true,"href":"http:\/\/wgphoto.pl\/t\/index.php?rest_route=\/wp\/v2\/users\/1"}],"replies":[{"embeddable":true,"href":"http:\/\/wgphoto.pl\/t\/index.php?rest_route=%2Fwp%2Fv2%2Fcomments&post=11084"}],"version-history":[{"count":1,"href":"http:\/\/wgphoto.pl\/t\/index.php?rest_route=\/wp\/v2\/posts\/11084\/revisions"}],"predecessor-version":[{"id":11086,"href":"http:\/\/wgphoto.pl\/t\/index.php?rest_route=\/wp\/v2\/posts\/11084\/revisions\/11086"}],"wp:featuredmedia":[{"embeddable":true,"href":"http:\/\/wgphoto.pl\/t\/index.php?rest_route=\/wp\/v2\/media\/11085"}],"wp:attachment":[{"href":"http:\/\/wgphoto.pl\/t\/index.php?rest_route=%2Fwp%2Fv2%2Fmedia&parent=11084"}],"wp:term":[{"taxonomy":"category","embeddable":true,"href":"http:\/\/wgphoto.pl\/t\/index.php?rest_route=%2Fwp%2Fv2%2Fcategories&post=11084"},{"taxonomy":"post_tag","embeddable":true,"href":"http:\/\/wgphoto.pl\/t\/index.php?rest_route=%2Fwp%2Fv2%2Ftags&post=11084"}],"curies":[{"name":"wp","href":"https:\/\/api.w.org\/{rel}","templated":true}]}}