{"id":11096,"date":"2025-01-31T21:10:32","date_gmt":"2025-01-31T20:10:32","guid":{"rendered":"https:\/\/wgphoto.pl\/t\/?p=11096"},"modified":"2025-01-31T21:10:32","modified_gmt":"2025-01-31T20:10:32","slug":"goswinowice","status":"publish","type":"post","link":"http:\/\/wgphoto.pl\/t\/?p=11096","title":{"rendered":"Go\u015bwinowice"},"content":{"rendered":"\n<figure class=\"wp-block-image aligncenter size-full\"><img loading=\"lazy\" decoding=\"async\" width=\"1050\" height=\"700\" src=\"https:\/\/wgphoto.pl\/t\/wp-content\/uploads\/2025\/01\/0505-35.jpg\" alt=\"\" class=\"wp-image-11097\" srcset=\"http:\/\/wgphoto.pl\/t\/wp-content\/uploads\/2025\/01\/0505-35.jpg 1050w, http:\/\/wgphoto.pl\/t\/wp-content\/uploads\/2025\/01\/0505-35-300x200.jpg 300w, http:\/\/wgphoto.pl\/t\/wp-content\/uploads\/2025\/01\/0505-35-768x512.jpg 768w\" sizes=\"auto, (max-width: 1050px) 100vw, 1050px\" \/><\/figure>\n\n\n\n<div class=\"wp-block-group has-global-padding is-layout-constrained wp-block-group-is-layout-constrained\">\n<p>SU42-529 zaraz odjedzie ze stacji Go\u015bwinowice z poci\u0105giem 64120 relacji Kamieniec Z\u0105bkowicki &#8211; K\u0119dzierzyn-Ko\u017ale. Drezyna co prawda nie pojawi\u0142a si\u0119 w kadrze tu\u017c przed przyjazdem osob\u00f3wki, ale nie znalaz\u0142em tam wtedy innego uj\u0119cia ni\u017c z budynkiem stacyjnym, st\u0105d te\u017c nieszcz\u0119\u015bliwie zas\u0142oni\u0119ty sk\u0142ad. 24.03.2005<\/p>\n<\/div>\n","protected":false},"excerpt":{"rendered":"<p>SU42-529 zaraz odjedzie ze stacji Go\u015bwinowice z poci\u0105giem 64120 relacji Kamieniec Z\u0105bkowicki &#8211; K\u0119dzierzyn-Ko\u017ale. Drezyna co prawda nie pojawi\u0142a si\u0119 w kadrze tu\u017c przed przyjazdem osob\u00f3wki, ale nie znalaz\u0142em tam wtedy innego uj\u0119cia ni\u017c z budynkiem stacyjnym, st\u0105d te\u017c nieszcz\u0119\u015bliwie zas\u0142oni\u0119ty sk\u0142ad. 24.03.2005<\/p>\n","protected":false},"author":1,"featured_media":11097,"comment_status":"open","ping_status":"","sticky":false,"template":"","format":"standard","meta":{"footnotes":""},"categories":[62,2,311],"tags":[315,3084,63,27,250,319,408],"class_list":["post-11096","post","type-post","status-publish","format-standard","has-post-thumbnail","hentry","category-analog","category-kolej","category-rok-2005","tag-2005-03-24","tag-goswinowice","tag-pkp","tag-polska","tag-su42","tag-tab-pl235","tag-wm15"],"_links":{"self":[{"href":"http:\/\/wgphoto.pl\/t\/index.php?rest_route=\/wp\/v2\/posts\/11096","targetHints":{"allow":["GET"]}}],"collection":[{"href":"http:\/\/wgphoto.pl\/t\/index.php?rest_route=\/wp\/v2\/posts"}],"about":[{"href":"http:\/\/wgphoto.pl\/t\/index.php?rest_route=\/wp\/v2\/types\/post"}],"author":[{"embeddable":true,"href":"http:\/\/wgphoto.pl\/t\/index.php?rest_route=\/wp\/v2\/users\/1"}],"replies":[{"embeddable":true,"href":"http:\/\/wgphoto.pl\/t\/index.php?rest_route=%2Fwp%2Fv2%2Fcomments&post=11096"}],"version-history":[{"count":1,"href":"http:\/\/wgphoto.pl\/t\/index.php?rest_route=\/wp\/v2\/posts\/11096\/revisions"}],"predecessor-version":[{"id":11098,"href":"http:\/\/wgphoto.pl\/t\/index.php?rest_route=\/wp\/v2\/posts\/11096\/revisions\/11098"}],"wp:featuredmedia":[{"embeddable":true,"href":"http:\/\/wgphoto.pl\/t\/index.php?rest_route=\/wp\/v2\/media\/11097"}],"wp:attachment":[{"href":"http:\/\/wgphoto.pl\/t\/index.php?rest_route=%2Fwp%2Fv2%2Fmedia&parent=11096"}],"wp:term":[{"taxonomy":"category","embeddable":true,"href":"http:\/\/wgphoto.pl\/t\/index.php?rest_route=%2Fwp%2Fv2%2Fcategories&post=11096"},{"taxonomy":"post_tag","embeddable":true,"href":"http:\/\/wgphoto.pl\/t\/index.php?rest_route=%2Fwp%2Fv2%2Ftags&post=11096"}],"curies":[{"name":"wp","href":"https:\/\/api.w.org\/{rel}","templated":true}]}}