{"id":11099,"date":"2025-01-31T21:11:27","date_gmt":"2025-01-31T20:11:27","guid":{"rendered":"https:\/\/wgphoto.pl\/t\/?p=11099"},"modified":"2025-01-31T21:11:27","modified_gmt":"2025-01-31T20:11:27","slug":"rozkopany-losiow","status":"publish","type":"post","link":"http:\/\/wgphoto.pl\/t\/?p=11099","title":{"rendered":"Rozkopany \u0141osi\u00f3w"},"content":{"rendered":"\n<figure class=\"wp-block-image aligncenter size-full\"><img loading=\"lazy\" decoding=\"async\" width=\"1050\" height=\"700\" src=\"https:\/\/wgphoto.pl\/t\/wp-content\/uploads\/2025\/01\/0505-21.jpg\" alt=\"\" class=\"wp-image-11100\" srcset=\"http:\/\/wgphoto.pl\/t\/wp-content\/uploads\/2025\/01\/0505-21.jpg 1050w, http:\/\/wgphoto.pl\/t\/wp-content\/uploads\/2025\/01\/0505-21-300x200.jpg 300w, http:\/\/wgphoto.pl\/t\/wp-content\/uploads\/2025\/01\/0505-21-768x512.jpg 768w\" sizes=\"auto, (max-width: 1050px) 100vw, 1050px\" \/><\/figure>\n\n\n\n<div class=\"wp-block-group has-global-padding is-layout-constrained wp-block-group-is-layout-constrained\">\n<p>EN57-1225+205 jako osobowy 4621 relacji K\u0119dzierzyn-Ko\u017ale &#8211; Wroc\u0142aw G\u0142\u00f3wny odje\u017cd\u017ca z \u0141osiowa. Tutejsza stacja by\u0142a w\u00f3wczas, jak wida\u0107, w trakcie modernizacji. 24.03.2005<\/p>\n<\/div>\n","protected":false},"excerpt":{"rendered":"<p>EN57-1225+205 jako osobowy 4621 relacji K\u0119dzierzyn-Ko\u017ale &#8211; Wroc\u0142aw G\u0142\u00f3wny odje\u017cd\u017ca z \u0141osiowa. Tutejsza stacja by\u0142a w\u00f3wczas, jak wida\u0107, w trakcie modernizacji. 24.03.2005<\/p>\n","protected":false},"author":1,"featured_media":11100,"comment_status":"open","ping_status":"","sticky":false,"template":"","format":"standard","meta":{"footnotes":""},"categories":[62,2,311],"tags":[315,745,132,173,712,63,27,711],"class_list":["post-11099","post","type-post","status-publish","format-standard","has-post-thumbnail","hentry","category-analog","category-kolej","category-rok-2005","tag-2005-03-24","tag-budowa","tag-en57","tag-koncowki","tag-losiow","tag-pkp","tag-polska","tag-tab-pl220"],"_links":{"self":[{"href":"http:\/\/wgphoto.pl\/t\/index.php?rest_route=\/wp\/v2\/posts\/11099","targetHints":{"allow":["GET"]}}],"collection":[{"href":"http:\/\/wgphoto.pl\/t\/index.php?rest_route=\/wp\/v2\/posts"}],"about":[{"href":"http:\/\/wgphoto.pl\/t\/index.php?rest_route=\/wp\/v2\/types\/post"}],"author":[{"embeddable":true,"href":"http:\/\/wgphoto.pl\/t\/index.php?rest_route=\/wp\/v2\/users\/1"}],"replies":[{"embeddable":true,"href":"http:\/\/wgphoto.pl\/t\/index.php?rest_route=%2Fwp%2Fv2%2Fcomments&post=11099"}],"version-history":[{"count":1,"href":"http:\/\/wgphoto.pl\/t\/index.php?rest_route=\/wp\/v2\/posts\/11099\/revisions"}],"predecessor-version":[{"id":11101,"href":"http:\/\/wgphoto.pl\/t\/index.php?rest_route=\/wp\/v2\/posts\/11099\/revisions\/11101"}],"wp:featuredmedia":[{"embeddable":true,"href":"http:\/\/wgphoto.pl\/t\/index.php?rest_route=\/wp\/v2\/media\/11100"}],"wp:attachment":[{"href":"http:\/\/wgphoto.pl\/t\/index.php?rest_route=%2Fwp%2Fv2%2Fmedia&parent=11099"}],"wp:term":[{"taxonomy":"category","embeddable":true,"href":"http:\/\/wgphoto.pl\/t\/index.php?rest_route=%2Fwp%2Fv2%2Fcategories&post=11099"},{"taxonomy":"post_tag","embeddable":true,"href":"http:\/\/wgphoto.pl\/t\/index.php?rest_route=%2Fwp%2Fv2%2Ftags&post=11099"}],"curies":[{"name":"wp","href":"https:\/\/api.w.org\/{rel}","templated":true}]}}