{"id":11105,"date":"2025-01-31T21:13:57","date_gmt":"2025-01-31T20:13:57","guid":{"rendered":"https:\/\/wgphoto.pl\/t\/?p=11105"},"modified":"2025-01-31T21:13:57","modified_gmt":"2025-01-31T20:13:57","slug":"obcy-w-czechowicach","status":"publish","type":"post","link":"http:\/\/wgphoto.pl\/t\/?p=11105","title":{"rendered":"Obcy w Czechowicach"},"content":{"rendered":"\n<figure class=\"wp-block-image aligncenter size-full\"><img loading=\"lazy\" decoding=\"async\" width=\"1200\" height=\"800\" src=\"https:\/\/wgphoto.pl\/t\/wp-content\/uploads\/2025\/01\/0412-20.jpg\" alt=\"\" class=\"wp-image-11106\" srcset=\"http:\/\/wgphoto.pl\/t\/wp-content\/uploads\/2025\/01\/0412-20.jpg 1200w, http:\/\/wgphoto.pl\/t\/wp-content\/uploads\/2025\/01\/0412-20-300x200.jpg 300w, http:\/\/wgphoto.pl\/t\/wp-content\/uploads\/2025\/01\/0412-20-768x512.jpg 768w\" sizes=\"auto, (max-width: 1200px) 100vw, 1200px\" \/><\/figure>\n\n\n\n<div class=\"wp-block-group has-global-padding is-layout-constrained wp-block-group-is-layout-constrained\">\n<p>Po lewej EN57-1304 (ZPR Krak\u00f3w) jako 43136 do Krakowa G\u0142., po prawej EN57-075 (ZPR Katowice) jako 1015 do Zebrzydowic, a po\u015brodku s\u0142owacka Bobina 140 067 z poci\u0105giem przyspieszonym 4412 z Bratys\u0142awy do Katowic. 2004-07-16<\/p>\n<\/div>\n","protected":false},"excerpt":{"rendered":"<p>Po lewej EN57-1304 (ZPR Krak\u00f3w) jako 43136 do Krakowa G\u0142., po prawej EN57-075 (ZPR Katowice) jako 1015 do Zebrzydowic, a po\u015brodku s\u0142owacka Bobina 140 067 z poci\u0105giem przyspieszonym 4412 z Bratys\u0142awy do Katowic. 2004-07-16<\/p>\n","protected":false},"author":1,"featured_media":11106,"comment_status":"open","ping_status":"","sticky":false,"template":"","format":"standard","meta":{"footnotes":""},"categories":[62,2,61],"tags":[808,3085,3086,132,249,63,27,807,469],"class_list":["post-11105","post","type-post","status-publish","format-standard","has-post-thumbnail","hentry","category-analog","category-kolej","category-rok-2004","tag-808","tag-2004-07-16","tag-czechowice-dziedzice","tag-en57","tag-goscinne-wystepy","tag-pkp","tag-polska","tag-tab-pl151","tag-zssk"],"_links":{"self":[{"href":"http:\/\/wgphoto.pl\/t\/index.php?rest_route=\/wp\/v2\/posts\/11105","targetHints":{"allow":["GET"]}}],"collection":[{"href":"http:\/\/wgphoto.pl\/t\/index.php?rest_route=\/wp\/v2\/posts"}],"about":[{"href":"http:\/\/wgphoto.pl\/t\/index.php?rest_route=\/wp\/v2\/types\/post"}],"author":[{"embeddable":true,"href":"http:\/\/wgphoto.pl\/t\/index.php?rest_route=\/wp\/v2\/users\/1"}],"replies":[{"embeddable":true,"href":"http:\/\/wgphoto.pl\/t\/index.php?rest_route=%2Fwp%2Fv2%2Fcomments&post=11105"}],"version-history":[{"count":1,"href":"http:\/\/wgphoto.pl\/t\/index.php?rest_route=\/wp\/v2\/posts\/11105\/revisions"}],"predecessor-version":[{"id":11107,"href":"http:\/\/wgphoto.pl\/t\/index.php?rest_route=\/wp\/v2\/posts\/11105\/revisions\/11107"}],"wp:featuredmedia":[{"embeddable":true,"href":"http:\/\/wgphoto.pl\/t\/index.php?rest_route=\/wp\/v2\/media\/11106"}],"wp:attachment":[{"href":"http:\/\/wgphoto.pl\/t\/index.php?rest_route=%2Fwp%2Fv2%2Fmedia&parent=11105"}],"wp:term":[{"taxonomy":"category","embeddable":true,"href":"http:\/\/wgphoto.pl\/t\/index.php?rest_route=%2Fwp%2Fv2%2Fcategories&post=11105"},{"taxonomy":"post_tag","embeddable":true,"href":"http:\/\/wgphoto.pl\/t\/index.php?rest_route=%2Fwp%2Fv2%2Ftags&post=11105"}],"curies":[{"name":"wp","href":"https:\/\/api.w.org\/{rel}","templated":true}]}}