{"id":11108,"date":"2025-01-31T21:16:53","date_gmt":"2025-01-31T20:16:53","guid":{"rendered":"https:\/\/wgphoto.pl\/t\/?p=11108"},"modified":"2025-01-31T21:16:53","modified_gmt":"2025-01-31T20:16:53","slug":"analogowe-karkonosze","status":"publish","type":"post","link":"http:\/\/wgphoto.pl\/t\/?p=11108","title":{"rendered":"Analogowe Karkonosze"},"content":{"rendered":"\n<figure class=\"wp-block-image aligncenter size-full\"><img loading=\"lazy\" decoding=\"async\" width=\"1200\" height=\"675\" src=\"https:\/\/wgphoto.pl\/t\/wp-content\/uploads\/2025\/01\/0512-05.jpg\" alt=\"\" class=\"wp-image-11109\" srcset=\"http:\/\/wgphoto.pl\/t\/wp-content\/uploads\/2025\/01\/0512-05.jpg 1200w, http:\/\/wgphoto.pl\/t\/wp-content\/uploads\/2025\/01\/0512-05-300x169.jpg 300w, http:\/\/wgphoto.pl\/t\/wp-content\/uploads\/2025\/01\/0512-05-768x432.jpg 768w\" sizes=\"auto, (max-width: 1200px) 100vw, 1200px\" \/><\/figure>\n\n\n\n<div class=\"wp-block-group has-global-padding is-layout-constrained wp-block-group-is-layout-constrained\">\n<p>Odcinek S\u0119dzis\u0142aw &#8211; Witk\u00f3w \u015al\u0105ski. EP07-392 prowadzi poci\u0105g 65522 ze Szklarskiej Por\u0119by do Gdyni. Tego dnia odkry\u0142em to uj\u0119cie z panoram\u0105 Karkonoszy (najwy\u017cszy szczyt w kadrze to \u015anie\u017cka), kt\u00f3re w\u0142a\u015bciwie wypada\u0142oby wsp\u00f3\u0142cze\u015bnie powt\u00f3rzy\u0107, bo analogowy no\u015bnik oferuje dosy\u0107 nisk\u0105 jako\u015b\u0107, zw\u0142aszcza w uj\u0119ciu pod s\u0142o\u0144ce. 27.05.2005<\/p>\n<\/div>\n","protected":false},"excerpt":{"rendered":"<p>Odcinek S\u0119dzis\u0142aw &#8211; Witk\u00f3w \u015al\u0105ski. EP07-392 prowadzi poci\u0105g 65522 ze Szklarskiej Por\u0119by do Gdyni. Tego dnia odkry\u0142em to uj\u0119cie z panoram\u0105 Karkonoszy (najwy\u017cszy szczyt w kadrze to \u015anie\u017cka), kt\u00f3re w\u0142a\u015bciwie wypada\u0142oby wsp\u00f3\u0142cze\u015bnie powt\u00f3rzy\u0107, bo analogowy no\u015bnik oferuje dosy\u0107 nisk\u0105 jako\u015b\u0107, zw\u0142aszcza w uj\u0119ciu pod s\u0142o\u0144ce. 27.05.2005<\/p>\n","protected":false},"author":1,"featured_media":11109,"comment_status":"open","ping_status":"","sticky":false,"template":"","format":"standard","meta":{"footnotes":""},"categories":[62,2,311],"tags":[1612,124,114,63,27,1061,200,1433],"class_list":["post-11108","post","type-post","status-publish","format-standard","has-post-thumbnail","hentry","category-analog","category-kolej","category-rok-2005","tag-2005-05-27","tag-ep07","tag-gory","tag-pkp","tag-polska","tag-sedzislaw","tag-tab-pl240","tag-witkow-slaski"],"_links":{"self":[{"href":"http:\/\/wgphoto.pl\/t\/index.php?rest_route=\/wp\/v2\/posts\/11108","targetHints":{"allow":["GET"]}}],"collection":[{"href":"http:\/\/wgphoto.pl\/t\/index.php?rest_route=\/wp\/v2\/posts"}],"about":[{"href":"http:\/\/wgphoto.pl\/t\/index.php?rest_route=\/wp\/v2\/types\/post"}],"author":[{"embeddable":true,"href":"http:\/\/wgphoto.pl\/t\/index.php?rest_route=\/wp\/v2\/users\/1"}],"replies":[{"embeddable":true,"href":"http:\/\/wgphoto.pl\/t\/index.php?rest_route=%2Fwp%2Fv2%2Fcomments&post=11108"}],"version-history":[{"count":1,"href":"http:\/\/wgphoto.pl\/t\/index.php?rest_route=\/wp\/v2\/posts\/11108\/revisions"}],"predecessor-version":[{"id":11110,"href":"http:\/\/wgphoto.pl\/t\/index.php?rest_route=\/wp\/v2\/posts\/11108\/revisions\/11110"}],"wp:featuredmedia":[{"embeddable":true,"href":"http:\/\/wgphoto.pl\/t\/index.php?rest_route=\/wp\/v2\/media\/11109"}],"wp:attachment":[{"href":"http:\/\/wgphoto.pl\/t\/index.php?rest_route=%2Fwp%2Fv2%2Fmedia&parent=11108"}],"wp:term":[{"taxonomy":"category","embeddable":true,"href":"http:\/\/wgphoto.pl\/t\/index.php?rest_route=%2Fwp%2Fv2%2Fcategories&post=11108"},{"taxonomy":"post_tag","embeddable":true,"href":"http:\/\/wgphoto.pl\/t\/index.php?rest_route=%2Fwp%2Fv2%2Ftags&post=11108"}],"curies":[{"name":"wp","href":"https:\/\/api.w.org\/{rel}","templated":true}]}}